{"id":49670,"date":"2023-08-08T12:24:00","date_gmt":"2023-08-08T09:24:00","guid":{"rendered":"https:\/\/www.indir.com\/haber\/?p=49670"},"modified":"2023-08-08T12:23:38","modified_gmt":"2023-08-08T09:23:38","slug":"elon-musk-kafes-dovusunden-vazgecmis-gorunuyor","status":"publish","type":"post","link":"https:\/\/www.indir.com\/haber\/elon-musk-kafes-dovusunden-vazgecmis-gorunuyor\/","title":{"rendered":"Elon Musk kafes d\u00f6v\u00fc\u015f\u00fcnden vazge\u00e7mi\u015f g\u00f6r\u00fcn\u00fcyor"},"content":{"rendered":"\n<p><br>Elon Musk, Mark Zuckerberg ile yapaca\u011f\u0131 kafes d\u00f6v\u00fc\u015f\u00fcnden \u00f6nce ameliyat olma ihtimalinin oldu\u011funu a\u00e7\u0131klad\u0131. Musk&#8217;\u0131n yapt\u0131\u011f\u0131 a\u00e7\u0131klama, &#8220;Musk&#8217;tan U d\u00f6n\u00fc\u015f\u00fc&#8221; gibi yorumlar\u0131n gelmesine neden oldu.<\/p>\n\n\n\n<p>Milyarderler aras\u0131ndaki kafes d\u00f6v\u00fc\u015f\u00fc planlar\u0131, gelece\u011fe dair tahmin edilebilirlik ad\u0131na ertelenebilir bir durumda. Elon Musk, potansiyel bir ameliyat ihtiyac\u0131n\u0131 oldu\u011funu s\u00f6yleyerek Mark Zuckerberg ile yapmay\u0131 d\u00fc\u015f\u00fcnd\u00fc\u011f\u00fc kafes d\u00f6v\u00fc\u015f\u00fc hakk\u0131ndaki planlar\u0131na dair daha fazla \u015f\u00fcphe uyand\u0131rd\u0131. Bu a\u00e7\u0131klama, bir\u00e7ok ki\u015fi taraf\u0131ndan &#8220;Musk&#8217;\u0131n geri ad\u0131m att\u0131\u011f\u0131&#8221; \u015feklinde yorumlan\u0131yor. <\/p>\n\n\n\n<p>Musk, boynunun ve s\u0131rt\u0131n\u0131n \u00fcst k\u0131sm\u0131n\u0131n MR&#8217;\u0131n\u0131n \u00e7ekilece\u011fini  a\u00e7\u0131klad\u0131. Musk&#8217;\u0131n, Zuckerberg ile d\u00f6v\u00fc\u015fmeden \u00f6nce ameliyat olup olmayaca\u011f\u0131n\u0131n bu hafta i\u00e7erisinde belli olaca\u011f\u0131 s\u00f6yleniyor. Musk&#8217;\u0131n geri ad\u0131m att\u0131\u011f\u0131 y\u00f6n\u00fcndeki yorumlara ra\u011fmen, bunu d\u00f6v\u00fc\u015ften ka\u00e7mak i\u00e7in yapmad\u0131\u011f\u0131 d\u00fc\u015f\u00fcn\u00fcl\u00fcyor. Musk&#8217;\u0131n sa\u011fl\u0131k durumu ciddi olabilir.<\/p>\n\n\n\n<figure class=\"wp-block-image size-full\"><img loading=\"lazy\" decoding=\"async\" width=\"1600\" height=\"900\" src=\"https:\/\/www.indir.com\/haber\/wp-content\/uploads\/2023\/02\/strongtwitter-elon-musk-tweetlerini-one-cikaran-bir-altyapi-hazirlamisstrong.jpg\" alt=\"Elon musk twitter\" class=\"wp-image-42358\" title=\"\" srcset=\"https:\/\/www.indir.com\/haber\/wp-content\/uploads\/2023\/02\/strongtwitter-elon-musk-tweetlerini-one-cikaran-bir-altyapi-hazirlamisstrong.jpg 1600w, https:\/\/www.indir.com\/haber\/wp-content\/uploads\/2023\/02\/strongtwitter-elon-musk-tweetlerini-one-cikaran-bir-altyapi-hazirlamisstrong-300x169.jpg 300w, https:\/\/www.indir.com\/haber\/wp-content\/uploads\/2023\/02\/strongtwitter-elon-musk-tweetlerini-one-cikaran-bir-altyapi-hazirlamisstrong-768x432.jpg 768w, https:\/\/www.indir.com\/haber\/wp-content\/uploads\/2023\/02\/strongtwitter-elon-musk-tweetlerini-one-cikaran-bir-altyapi-hazirlamisstrong-1536x864.jpg 1536w\" sizes=\"auto, (max-width: 1600px) 100vw, 1600px\" \/><\/figure>\n\n\n\n<h2 class=\"wp-block-heading\">Musk&#8217;\u0131n ameliyat\u0131 bir \u00e7ok i\u015fini etkileyebilir<\/h2>\n\n\n\n<p>Ameliyat yaln\u0131zca d\u00f6v\u00fc\u015f\u00fc de\u011fil, Musk&#8217;\u0131n \u00e7e\u015fitli firmalar\u0131ndaki \u00e7al\u0131\u015fmalar\u0131na da etki edebilir. CNBC&#8217;nin yapt\u0131\u011f\u0131 a\u00e7\u0131klamaya g\u00f6re, Pazartesi sabah\u0131 Tesla&#8217;n\u0131n hisselerinde %2&#8217;nin \u00fczerinde d\u00fc\u015f\u00fc\u015f g\u00f6r\u00fcld\u00fc. Musk, Tesla&#8217;n\u0131n yan\u0131 s\u0131ra X&#8217;in sahibi, ba\u015f teknik sorumlusu ve SpaceX&#8217;in de CEO&#8217;su.<\/p>\n\n\n\n<p>Konu\u015fulan kafes d\u00f6v\u00fc\u015f\u00fc i\u00e7in zaten planlanm\u0131\u015f bir tarih yer alm\u0131yordu. Zuckerberg, d\u00f6v\u00fc\u015f i\u00e7in 26 A\u011fustos gecesini \u00f6nerdi\u011fini ancak Elon Musk&#8217;\u0131n buna cevap vermedi\u011fini s\u00f6yledi. Meta&#8217;n\u0131n CEO&#8217;su Threads&#8217;te &#8220;Nefesimi tutmuyorum&#8221; \u015feklinde payla\u015f\u0131m yapt\u0131.<\/p>\n\n\n\n<p>Yap\u0131lacak d\u00f6v\u00fc\u015f i\u00e7in antrenman yapan her iki adam da kamuoyu \u00f6n\u00fcnde birbirlerini i\u011fnelemeyi ihmal etmiyor. Musk, e\u011fer d\u00f6v\u00fc\u015f ger\u00e7ekle\u015firse, etkinli\u011fin X platformunda canl\u0131 olarak yay\u0131nlanaca\u011f\u0131n\u0131 ve elde edilen t\u00fcm gelirlerin gazilere yard\u0131m amac\u0131yla bir hay\u0131r kurumuna ba\u011f\u0131\u015flanaca\u011f\u0131n\u0131 belirtti. Zuckerberg bu konuda Musk&#8217;la dalga ge\u00e7mek i\u00e7in &#8220;Hay\u0131r i\u015fleri i\u00e7in ger\u00e7ekten para toplayabilecek daha g\u00fcvenilir bir platform kullanmam\u0131z gerekmez mi?&#8221; s\u00f6zlerini kulland\u0131.<\/p>\n","protected":false},"excerpt":{"rendered":"<p>Elon Musk, Mark Zuckerberg ile yapaca\u011f\u0131 kafes d\u00f6v\u00fc\u015f\u00fcnden \u00f6nce ameliyat olma ihtimalinin oldu\u011funu a\u00e7\u0131klad\u0131. Musk&#8217;\u0131n yapt\u0131\u011f\u0131 a\u00e7\u0131klama, &#8220;Musk&#8217;tan U d\u00f6n\u00fc\u015f\u00fc&#8221; gibi yorumlar\u0131n gelmesine neden oldu. Milyarderler aras\u0131ndaki kafes d\u00f6v\u00fc\u015f\u00fc planlar\u0131, gelece\u011fe dair tahmin edilebilirlik ad\u0131na ertelenebilir bir durumda. Elon Musk, potansiyel bir ameliyat ihtiyac\u0131n\u0131 oldu\u011funu s\u00f6yleyerek Mark Zuckerberg ile yapmay\u0131 d\u00fc\u015f\u00fcnd\u00fc\u011f\u00fc kafes d\u00f6v\u00fc\u015f\u00fc hakk\u0131ndaki planlar\u0131na [&hellip;]<\/p>\n","protected":false},"author":26,"featured_media":49671,"comment_status":"open","ping_status":"closed","sticky":false,"template":"","format":"standard","meta":{"footnotes":""},"categories":[54],"tags":[69,339],"class_list":["post-49670","post","type-post","status-publish","format-standard","has-post-thumbnail","hentry","category-internet","tag-elon-musk","tag-mark-zuckerberg"],"_links":{"self":[{"href":"https:\/\/www.indir.com\/haber\/wp-json\/wp\/v2\/posts\/49670","targetHints":{"allow":["GET"]}}],"collection":[{"href":"https:\/\/www.indir.com\/haber\/wp-json\/wp\/v2\/posts"}],"about":[{"href":"https:\/\/www.indir.com\/haber\/wp-json\/wp\/v2\/types\/post"}],"author":[{"embeddable":true,"href":"https:\/\/www.indir.com\/haber\/wp-json\/wp\/v2\/users\/26"}],"replies":[{"embeddable":true,"href":"https:\/\/www.indir.com\/haber\/wp-json\/wp\/v2\/comments?post=49670"}],"version-history":[{"count":0,"href":"https:\/\/www.indir.com\/haber\/wp-json\/wp\/v2\/posts\/49670\/revisions"}],"wp:featuredmedia":[{"embeddable":true,"href":"https:\/\/www.indir.com\/haber\/wp-json\/wp\/v2\/media\/49671"}],"wp:attachment":[{"href":"https:\/\/www.indir.com\/haber\/wp-json\/wp\/v2\/media?parent=49670"}],"wp:term":[{"taxonomy":"category","embeddable":true,"href":"https:\/\/www.indir.com\/haber\/wp-json\/wp\/v2\/categories?post=49670"},{"taxonomy":"post_tag","embeddable":true,"href":"https:\/\/www.indir.com\/haber\/wp-json\/wp\/v2\/tags?post=49670"}],"curies":[{"name":"wp","href":"https:\/\/api.w.org\/{rel}","templated":true}]}}