{"id":48297,"date":"2023-06-14T11:37:56","date_gmt":"2023-06-14T08:37:56","guid":{"rendered":"https:\/\/www.indir.com\/haber\/?p=48297"},"modified":"2023-06-14T11:37:57","modified_gmt":"2023-06-14T08:37:57","slug":"google-fotograflar-web-gelismis-duzenleme-ozellikleriyle-birlikte-geliyor","status":"publish","type":"post","link":"https:\/\/www.indir.com\/haber\/google-fotograflar-web-gelismis-duzenleme-ozellikleriyle-birlikte-geliyor\/","title":{"rendered":"Google Foto\u011fraflar Web, geli\u015fmi\u015f d\u00fczenleme \u00f6zellikleriyle birlikte geliyor"},"content":{"rendered":"\n<p>Google taraf\u0131ndan sa\u011flanan, yayg\u0131n olarak kullan\u0131m\u0131 sa\u011flanan bulut tabanl\u0131 bir foto\u011fraf y\u00f6netimi ve depolama hizmeti Google Foto\u011fraflar, web s\u00fcr\u00fcm\u00fc i\u00e7in d\u00fczenleme se\u00e7eneklerini&nbsp; art\u0131rmaya devam ediyor. Daha \u00f6nce yaln\u0131zca mobil uygulamas\u0131nda olan Portre I\u015f\u0131\u011f\u0131, Portre Bulan\u0131kl\u0131\u011f\u0131, Dinamik, Renk Pop, HDR ve G\u00f6ky\u00fcz\u00fc gibi bu g\u00fc\u00e7l\u00fc olarak kar\u015f\u0131m\u0131za \u00e7\u0131kan ara\u00e7lar \u015fimdi web sitesinde ilk kez kullan\u0131c\u0131larla bulu\u015fuyor.<\/p>\n\n\n\n<p>Bu yeni \u00f6zellikler ile birlikte, kullan\u0131c\u0131lar\u0131n resimlerini daha fazla esneklikle ve yarat\u0131c\u0131 kontrollerle d\u00f6n\u00fc\u015ft\u00fcr\u00fclmesine imkan tan\u0131yarak, foto\u011fraf d\u00fczenleme yeteneklerini daha da geli\u015fmi\u015f d\u00fczeye \u00e7\u0131karmak \u00fczere ayarlan\u0131yor. Fakat bu yeni \u00f6zellikleri kullan\u0131lmaya ba\u015flanmadan \u00f6nce ak\u0131lda tutulmas\u0131 gereken birka\u00e7 \u00f6nemli nokta oldu\u011funu da s\u00f6ylemek gerekir.<\/p>\n\n\n\n<figure class=\"wp-block-image size-full\"><img loading=\"lazy\" decoding=\"async\" width=\"1600\" height=\"900\" src=\"https:\/\/www.indir.com\/haber\/wp-content\/uploads\/2023\/03\/googleonr_1600x900.jpg\" alt=\"Google One, kullan\u0131c\u0131lar\u0131na yeni f\u0131rsatlar sunuyor: VPN hizmeti\" class=\"wp-image-43224\" title=\"\" srcset=\"https:\/\/www.indir.com\/haber\/wp-content\/uploads\/2023\/03\/googleonr_1600x900.jpg 1600w, https:\/\/www.indir.com\/haber\/wp-content\/uploads\/2023\/03\/googleonr_1600x900-300x169.jpg 300w, https:\/\/www.indir.com\/haber\/wp-content\/uploads\/2023\/03\/googleonr_1600x900-768x432.jpg 768w, https:\/\/www.indir.com\/haber\/wp-content\/uploads\/2023\/03\/googleonr_1600x900-1536x864.jpg 1536w\" sizes=\"auto, (max-width: 1600px) 100vw, 1600px\" \/><\/figure>\n\n\n\n<h2 class=\"wp-block-heading\">Eri\u015fim i\u00e7in Google One \u00fcyeli\u011fi gerekiyor<\/h2>\n\n\n\n<p>Google\u2019\u0131n yard\u0131m sayfas\u0131nda a\u00e7\u0131k bir \u015fekilde belirtildi\u011fi\u00a0 gibi bu ara\u00e7lardan baz\u0131lar\u0131 uygulamaya bir bilgisayardan eri\u015firken Google One \u00fcyeli\u011fi gerektiriyor. Ek olarak sorun ya\u015famadan bir deneyim sa\u011flamak i\u00e7in Google, bilgisayar\u0131n\u0131zda en az 4 GB RAM bulunmas\u0131\u00a0 gerekti\u011fini ve taray\u0131c\u0131n\u0131z\u0131n en son s\u00fcr\u00fcme g\u00fcncellenmesinin daha iyi olaca\u011f\u0131n\u0131 \u00f6neriyor. Bu sistem gereksinimleri ile, d\u00fczenleme ara\u00e7lar\u0131n\u0131n \u00e7o\u011fundan tam olarak yararlanmak ve optimum performans\u0131 sa\u011flamak i\u00e7in gerekli ad\u0131mlar olarak g\u00f6r\u00fcl\u00fcyor.<\/p>\n\n\n\n<p>Foto\u011fraf\u00e7\u0131lar, geli\u015fmi\u015f Portre I\u015f\u0131\u011f\u0131 ve Portre Bulan\u0131kl\u0131\u011f\u0131 se\u00e7enekleriyle portreleri hassasla\u015ft\u0131rma \u00f6zelli\u011fini kullanabiliyor. Dinamik \u00f6zelli\u011fi ile bir farkl\u0131 bir dokunu\u015f ekliyor. Ayr\u0131ca Color Pop ile renkleri \u00f6ne \u00e7\u0131kar\u0131lmas\u0131n\u0131 sa\u011flarken geni\u015fletilmi\u015f ara\u00e7 setiyle de foto\u011fraf\u00e7\u0131lar\u0131n yarat\u0131c\u0131 \u00fcr\u00fcnler \u00fczerinde&nbsp; hassas ve kolay bir \u015fekilde ince ayar yapmalar\u0131na b\u00fcy\u00fck yard\u0131m\u0131 oluyor.&nbsp;<\/p>\n","protected":false},"excerpt":{"rendered":"<p>Google taraf\u0131ndan sa\u011flanan, yayg\u0131n olarak kullan\u0131m\u0131 sa\u011flanan bulut tabanl\u0131 bir foto\u011fraf y\u00f6netimi ve depolama hizmeti Google Foto\u011fraflar, web s\u00fcr\u00fcm\u00fc i\u00e7in d\u00fczenleme se\u00e7eneklerini&nbsp; art\u0131rmaya devam ediyor. Daha \u00f6nce yaln\u0131zca mobil uygulamas\u0131nda olan Portre I\u015f\u0131\u011f\u0131, Portre Bulan\u0131kl\u0131\u011f\u0131, Dinamik, Renk Pop, HDR ve G\u00f6ky\u00fcz\u00fc gibi bu g\u00fc\u00e7l\u00fc olarak kar\u015f\u0131m\u0131za \u00e7\u0131kan ara\u00e7lar \u015fimdi web sitesinde ilk kez kullan\u0131c\u0131larla bulu\u015fuyor. [&hellip;]<\/p>\n","protected":false},"author":27,"featured_media":12933,"comment_status":"open","ping_status":"closed","sticky":false,"template":"","format":"standard","meta":{"footnotes":""},"categories":[1],"tags":[81,997],"class_list":["post-48297","post","type-post","status-publish","format-standard","has-post-thumbnail","hentry","category-teknoloji","tag-google","tag-google-fotograflar-2"],"_links":{"self":[{"href":"https:\/\/www.indir.com\/haber\/wp-json\/wp\/v2\/posts\/48297","targetHints":{"allow":["GET"]}}],"collection":[{"href":"https:\/\/www.indir.com\/haber\/wp-json\/wp\/v2\/posts"}],"about":[{"href":"https:\/\/www.indir.com\/haber\/wp-json\/wp\/v2\/types\/post"}],"author":[{"embeddable":true,"href":"https:\/\/www.indir.com\/haber\/wp-json\/wp\/v2\/users\/27"}],"replies":[{"embeddable":true,"href":"https:\/\/www.indir.com\/haber\/wp-json\/wp\/v2\/comments?post=48297"}],"version-history":[{"count":0,"href":"https:\/\/www.indir.com\/haber\/wp-json\/wp\/v2\/posts\/48297\/revisions"}],"wp:featuredmedia":[{"embeddable":true,"href":"https:\/\/www.indir.com\/haber\/wp-json\/wp\/v2\/media\/12933"}],"wp:attachment":[{"href":"https:\/\/www.indir.com\/haber\/wp-json\/wp\/v2\/media?parent=48297"}],"wp:term":[{"taxonomy":"category","embeddable":true,"href":"https:\/\/www.indir.com\/haber\/wp-json\/wp\/v2\/categories?post=48297"},{"taxonomy":"post_tag","embeddable":true,"href":"https:\/\/www.indir.com\/haber\/wp-json\/wp\/v2\/tags?post=48297"}],"curies":[{"name":"wp","href":"https:\/\/api.w.org\/{rel}","templated":true}]}}