{"id":48204,"date":"2023-06-06T14:23:17","date_gmt":"2023-06-06T11:23:17","guid":{"rendered":"https:\/\/www.indir.com\/haber\/?p=48204"},"modified":"2023-06-06T14:23:18","modified_gmt":"2023-06-06T11:23:18","slug":"apple-hey-siri-donemini-sona-erdirdi","status":"publish","type":"post","link":"https:\/\/www.indir.com\/haber\/apple-hey-siri-donemini-sona-erdirdi\/","title":{"rendered":"Apple, \u201cHey Siri\u201d d\u00f6nemini sona erdirdi"},"content":{"rendered":"\n<p>Apple eko sisteminin merkezinde yer alan dijital asistan olan Siri i\u00e7in WWDC23 kapsam\u0131nda merakla beklenen de\u011fi\u015fiklikler ger\u00e7ekle\u015ftirildi.&nbsp;<\/p>\n\n\n\n<p>Apple imzal\u0131 ak\u0131ll\u0131 asistan olan Siri uzun zaman i\u00e7erisinde ses getiren b\u00fcy\u00fck bir g\u00fcncelleme alm\u0131yordu. Apple\u2019\u0131n gizlilik odakl\u0131 yap\u0131s\u0131 nedeni ile rakiplerinden daha geride kalm\u0131\u015f olan asistan\u0131 Siri ile art\u0131k eskiye g\u00f6re bak\u0131ld\u0131\u011f\u0131nda kullan\u0131c\u0131lar ile daha kolay etkile\u015fime girilebilecek. Siri yak\u0131nda zaman i\u00e7erisinde Google\u2019\u0131n \u201cAssistant\u201d \u00f6zelinde yapt\u0131\u011f\u0131 gibi \u201cHey\u201d komutu olmadan da kullan\u0131m\u0131 sa\u011flanabilecek. Yani Siri\u2019yi aktif etmek i\u00e7in art\u0131k \u201cHey Siri\u201d olarak seslenmeye gerek kalmayacak. Bu beklenen ad\u0131m\u0131n \u00e7ok uzun zaman \u00f6ncesinde at\u0131laca\u011f\u0131n\u0131 g\u00fcndeme getiren Apple analisti Mark Gurman, s\u00fcre\u00e7 hakk\u0131nda \u015funlar\u0131 dile getirdi:<\/p>\n\n\n\n<blockquote class=\"wp-block-quote is-layout-flow wp-block-quote-is-layout-flow\">\n<p>&nbsp;\u201cBu k\u00fc\u00e7\u00fck bir de\u011fi\u015fiklik gibi g\u00f6r\u00fcn\u00fcyor olabilir ancak bu de\u011fi\u015fikli\u011fi yapmak \u00f6nemli miktarda yapay zek\u00e2 e\u011fitimi ve m\u00fchendislik \u00e7al\u0131\u015fmas\u0131 gerekiyor.\u201d&nbsp;<\/p>\n<\/blockquote>\n\n\n\n<p>Bu de\u011fi\u015fiklik g\u00f6zle g\u00f6r\u00fcl\u00fcr bi\u00e7imde b\u00fcy\u00fck bir fark yaratmayacak fakat son kullan\u0131c\u0131 i\u00e7in gayet g\u00fczel olacak. Bu s\u00fcre\u00e7 aktar\u0131lm\u0131\u015f oldu\u011fu kadar\u0131yla Siri\u2019nin kullan\u0131labildi\u011fi t\u00fcm cihazlar\u0131 kaps\u0131yor, iPhone ile iPad taraf\u0131nda iOS 17 ve iPadOS 17 zorunlulu\u011fu ta\u015f\u0131yan \u015fartlarda mevcut.&nbsp;<\/p>\n\n\n\n<figure class=\"wp-block-image size-full\"><img loading=\"lazy\" decoding=\"async\" width=\"1600\" height=\"900\" src=\"https:\/\/www.indir.com\/haber\/wp-content\/uploads\/2023\/04\/Adsiz-tasarim-7.png\" alt=\"iPhone SE 4 \u00e7\u0131k\u0131\u015f tarihi hakk\u0131nda iddia ortaya at\u0131ld\u0131.\" class=\"wp-image-46280\" title=\"\"><figcaption class=\"wp-element-caption\">Apple, iPhone SE 4 modeli \u00fczerinde \u00e7al\u0131\u015fmaya devam ediyor.<\/figcaption><\/figure>\n\n\n\n<h2 class=\"wp-block-heading\">Apple yapay zeka konusunda personel aray\u0131\u015f\u0131nda<\/h2>\n\n\n\n<p>Asistan\u0131n yapabildikleri halen \u00e7ok k\u0131s\u0131tl\u0131 seviyede yer almas\u0131 sebebi ile \u00e7ok fazla ses getirmeyece\u011fi bekleniyor. Ancak Apple, gelecekte de\u011fi\u015fiklikler yaparak asistan\u0131 daha da g\u00fc\u00e7lendirebilir ve yeni nesil \u00fcretken yapay zeka altyap\u0131lar\u0131yla destekleyebilir. Tim Cook, Apple&#8217;\u0131n CEO&#8217;su olarak, ge\u00e7ti\u011fimiz ay \u00fcretken yapay zeka sistemlerinin potansiyelini &#8220;\u00e7ok ilgin\u00e7&#8221; olarak de\u011ferlendirdi\u011fini belirtmi\u015fti. Bu, Apple&#8217;\u0131n yapay zeka teknolojilerini daha ileriye ta\u015f\u0131yarak asistan\u0131n daha g\u00fc\u00e7l\u00fc bir hale gelmesini sa\u011flamak i\u00e7in \u00e7al\u0131\u015fabilece\u011fini g\u00f6steriyor. Ayr\u0131ca Cook Apple\u2019\u0131n yapay zeka altyap\u0131s\u0131n\u0131 \u201c\u00e7ok b\u00fcy\u00fck bir alan\u201d olarak g\u00f6rd\u00fc\u011f\u00fcn\u00fc ve \u00fcr\u00fcnleri i\u00e7in ilgili teknolojilere yat\u0131r\u0131m yapmaya devam edeceklerini de s\u00f6zleri i\u00e7erisinde belirterek, son geli\u015fmeler \u0131\u015f\u0131\u011f\u0131nda art\u0131k bu alana do\u011fru da a\u011f\u0131rl\u0131k verilmesini istiyor ve bu y\u00fczden Apple ge\u00e7ti\u011fimiz ay\u0131n ortalar\u0131nda \u00fcretken yapay zek\u00e2 konusunda \u00e7ok say\u0131da personel aray\u0131\u015f\u0131 i\u00e7erisindeydi.<\/p>\n\n\n\n<p>Yay\u0131nlad\u0131\u011f\u0131 bir i\u015f ilan\u0131n\u0131n i\u00e7erisinde, \u201c\u00dcretken yapay zeka konusunda heyecanl\u0131 m\u0131s\u0131n? \u0130nsanlar\u0131n ileti\u015fim, yarat\u0131c\u0131l\u0131k, ba\u011flant\u0131 ve i\u00e7erik t\u00fcketme \u015fekillerini d\u00f6n\u00fc\u015ft\u00fcrebilecek olan son geli\u015fmelerle ilgili heyecan duyuyorum. Apple, bu d\u00f6n\u00fc\u015f\u00fcm s\u00fcrecini WWDC23 etkinli\u011finde tan\u0131taca\u011f\u0131 Reality Pro karma ger\u00e7eklik ba\u015fl\u0131\u011f\u0131yla daha da geni\u015fletmek istedi\u011fini ifade etti. Bu yeni ba\u015fl\u0131k, AR\/VR alan\u0131nda \u00f6nemli bir ad\u0131m olacak ve insanlar\u0131n ger\u00e7eklikle etkile\u015fimlerini farkl\u0131 bir boyuta ta\u015f\u0131yacak. WWDC23 etkinli\u011fi, bu heyecan verici geli\u015fmelerin duyurulaca\u011f\u0131 bir platform olacak.<\/p>\n","protected":false},"excerpt":{"rendered":"<p>Apple eko sisteminin merkezinde yer alan dijital asistan olan Siri i\u00e7in WWDC23 kapsam\u0131nda merakla beklenen de\u011fi\u015fiklikler ger\u00e7ekle\u015ftirildi.&nbsp; Apple imzal\u0131 ak\u0131ll\u0131 asistan olan Siri uzun zaman i\u00e7erisinde ses getiren b\u00fcy\u00fck bir g\u00fcncelleme alm\u0131yordu. Apple\u2019\u0131n gizlilik odakl\u0131 yap\u0131s\u0131 nedeni ile rakiplerinden daha geride kalm\u0131\u015f olan asistan\u0131 Siri ile art\u0131k eskiye g\u00f6re bak\u0131ld\u0131\u011f\u0131nda kullan\u0131c\u0131lar ile daha kolay etkile\u015fime [&hellip;]<\/p>\n","protected":false},"author":27,"featured_media":41464,"comment_status":"open","ping_status":"closed","sticky":false,"template":"","format":"standard","meta":{"footnotes":""},"categories":[61,46,1],"tags":[104],"class_list":["post-48204","post","type-post","status-publish","format-standard","has-post-thumbnail","hentry","category-ios","category-mobil","category-teknoloji","tag-apple"],"_links":{"self":[{"href":"https:\/\/www.indir.com\/haber\/wp-json\/wp\/v2\/posts\/48204","targetHints":{"allow":["GET"]}}],"collection":[{"href":"https:\/\/www.indir.com\/haber\/wp-json\/wp\/v2\/posts"}],"about":[{"href":"https:\/\/www.indir.com\/haber\/wp-json\/wp\/v2\/types\/post"}],"author":[{"embeddable":true,"href":"https:\/\/www.indir.com\/haber\/wp-json\/wp\/v2\/users\/27"}],"replies":[{"embeddable":true,"href":"https:\/\/www.indir.com\/haber\/wp-json\/wp\/v2\/comments?post=48204"}],"version-history":[{"count":0,"href":"https:\/\/www.indir.com\/haber\/wp-json\/wp\/v2\/posts\/48204\/revisions"}],"wp:featuredmedia":[{"embeddable":true,"href":"https:\/\/www.indir.com\/haber\/wp-json\/wp\/v2\/media\/41464"}],"wp:attachment":[{"href":"https:\/\/www.indir.com\/haber\/wp-json\/wp\/v2\/media?parent=48204"}],"wp:term":[{"taxonomy":"category","embeddable":true,"href":"https:\/\/www.indir.com\/haber\/wp-json\/wp\/v2\/categories?post=48204"},{"taxonomy":"post_tag","embeddable":true,"href":"https:\/\/www.indir.com\/haber\/wp-json\/wp\/v2\/tags?post=48204"}],"curies":[{"name":"wp","href":"https:\/\/api.w.org\/{rel}","templated":true}]}}