{"id":46065,"date":"2023-04-12T12:02:36","date_gmt":"2023-04-12T09:02:36","guid":{"rendered":"https:\/\/www.indir.com\/haber\/?p=46065"},"modified":"2023-04-12T12:02:38","modified_gmt":"2023-04-12T09:02:38","slug":"ftxin-cokus-raporu-yayinlandi","status":"publish","type":"post","link":"https:\/\/www.indir.com\/haber\/ftxin-cokus-raporu-yayinlandi\/","title":{"rendered":"FTX&#8217;in \u00e7\u00f6k\u00fc\u015f raporu yay\u0131nland\u0131"},"content":{"rendered":"\n<p>FTX&#8217;in yeni y\u00f6netim ekibi, iflas eden kripto para borsas\u0131n\u0131n \u00e7\u00f6k\u00fc\u015f\u00fcne neyin yol a\u00e7t\u0131\u011f\u0131na dair bir ilk rapor yay\u0131nlayarak, g\u00f6revden al\u0131nan kurucu ve CEO Sam Bankman-Fried&#8217;in liderli\u011findeki operasyonlar\u0131n\u0131n \u00e7arp\u0131c\u0131 bir resmini \u00e7izdi.<\/p>\n\n\n\n<p>Yeni icra kurulu ba\u015fkan\u0131 ve yeniden planland\u0131rma yetkilisi John J. Ray III \u00f6nderli\u011findeki FTX bor\u00e7lular\u0131, genel de\u011ferlendirme yaz\u0131s\u0131nda &#8220;FTX Grubunun ba\u015far\u0131s\u0131zl\u0131\u011f\u0131, yeni geli\u015fmekte olan bir sekt\u00f6rde neden oldu\u011fu benzeri g\u00f6r\u00fclmemi\u015f boyuttaki zarar a\u00e7\u0131s\u0131ndan yeni olsa da temel nedenlerinin \u00e7o\u011fu bilindik: kibir, beceriksizlik ve a\u00e7g\u00f6zl\u00fcl\u00fck&#8221; ifadelerine yer verdi.<\/p>\n\n\n\n<p><strong>Raporda<\/strong>:<\/p>\n\n\n\n<p><em>&#8220;FTX Grubu, topluma kar\u015f\u0131 olu\u015fturmaya \u00e7al\u0131\u015ft\u0131\u011f\u0131 sorumlu bir kurum ,tarz\u0131na ra\u011fmen, uygun bir denetim veya g\u00f6zlem \u00e7er\u00e7evesi olu\u015fturmaya pek ilgi duymayan k\u00fc\u00e7\u00fck bir kitle taraf\u0131ndan s\u0131k\u0131 bir \u015fekilde denetim alt\u0131ndayd\u0131&#8221; <\/em> ifadelerine yer veriliyor.<\/p>\n\n\n\n<p><em>&#8220;Bu ki\u015filer \u015firketteki muhalif ki\u015fileri her alanda engelledi. Ayr\u0131ca kurumsal ve bireysel m\u00fc\u015fterilere ait fonlar\u0131 kar\u0131\u015ft\u0131rarak k\u00f6t\u00fcye kulland\u0131, \u00e7al\u0131\u015fmalar\u0131 hakk\u0131nda \u00fc\u00e7\u00fcnc\u00fc taraf payda\u015flara do\u011fru olmayan bilgiler verdi, milyonlarca dolar de\u011ferinde varl\u0131\u011f\u0131n izini kaybettirme e\u011filimleri \u00fczerine \u015firket i\u00e7inde \u015fakala\u015ft\u0131 ve b\u00fct\u00fcn bunlarla birlikte FTX Grubu, h\u0131zla b\u00fcy\u00fcd\u00fc\u011f\u00fc gibi h\u0131zla \u00e7\u00f6kmesine neden oldu.&#8221;<\/em><\/p>\n\n\n\n<h2 class=\"wp-block-heading\">Alameda Research denetlenemez<\/h2>\n\n\n\n<p><strong>Bankman-Fried meslekta\u015flar\u0131na Alameda&#8217;n\u0131n denetlenemez oldu\u011funu yazm\u0131\u015f.  Devam\u0131nda ise<\/strong>:<\/p>\n\n\n\n<blockquote class=\"wp-block-quote is-layout-flow wp-block-quote-is-layout-flow\">\n<p>&#8220;Bunu &#8216;b\u00fcy\u00fck bir muhasebe Firmas\u0131\u2019n\u0131n denetleme konusunda \u00e7ekinceleri olacakt\u0131r&#8217; anlam\u0131nda s\u00f6ylemiyorum; bunu &#8216;kapsaml\u0131 bir i\u015flem ge\u00e7mi\u015fi gibi bir \u015feyi bir kenara b\u0131rak\u0131n, sadece bakiyelerinin ne oldu\u011funu tahmin edebiliyoruz&#8217; anlam\u0131nda s\u00f6yl\u00fcyorum. Bazen izini kaybetti\u011fimiz 50 milyon dolarl\u0131k varl\u0131klar\u0131 ortal\u0131kta buluyoruz; hayat b\u00f6yle.&#8221;<\/p>\n<\/blockquote>\n\n\n\n<figure class=\"wp-block-image size-full\"><img loading=\"lazy\" decoding=\"async\" width=\"1200\" height=\"800\" src=\"https:\/\/www.indir.com\/haber\/wp-content\/uploads\/2022\/12\/ftx-kurucusu-sam-bankman-fried-tutuklandi.jpeg\" alt=\"FTX \u00e7\u00f6k\u00fc\u015f raporu: &#039;Kibir, yetersizlik ve a\u00e7g\u00f6zl\u00fcl\u00fck&#039; eseri\" class=\"wp-image-40548\" title=\"\" srcset=\"https:\/\/www.indir.com\/haber\/wp-content\/uploads\/2022\/12\/ftx-kurucusu-sam-bankman-fried-tutuklandi.jpeg 1200w, https:\/\/www.indir.com\/haber\/wp-content\/uploads\/2022\/12\/ftx-kurucusu-sam-bankman-fried-tutuklandi-270x180.jpeg 270w, https:\/\/www.indir.com\/haber\/wp-content\/uploads\/2022\/12\/ftx-kurucusu-sam-bankman-fried-tutuklandi-768x512.jpeg 768w, https:\/\/www.indir.com\/haber\/wp-content\/uploads\/2022\/12\/ftx-kurucusu-sam-bankman-fried-tutuklandi-390x260.jpeg 390w, https:\/\/www.indir.com\/haber\/wp-content\/uploads\/2022\/12\/ftx-kurucusu-sam-bankman-fried-tutuklandi-285x190.jpeg 285w\" sizes=\"auto, (max-width: 1200px) 100vw, 1200px\" \/><\/figure>\n\n\n\n<h2 class=\"wp-block-heading\">\u00dcst d\u00fczey y\u00f6neticiler itiraf ediyor<\/h2>\n\n\n\n<p>M\u00fc\u015fterilerin on milyarlarca dolar zarar etmesine neden olan Birka\u00e7 eski FTX ve Alameda y\u00f6neticisi \u015fu anda \u015firketlerin ba\u015far\u0131s\u0131zl\u0131klar\u0131yla ilgili federal su\u00e7lamalarla kar\u015f\u0131 kar\u015f\u0131ya. \u015eu anl\u0131k Bir k\u0131sm\u0131 su\u00e7lamalar\u0131 kabul etmi\u015f durumda. Geriye kalanlar su\u00e7lamalar\u0131 reddederek s\u00fcrece tutuklu devam etmekte.<\/p>\n\n\n\n<p>Bankman-Fried&#8217;in FTX kurucu ortaklar\u0131 Gary Wang ve Nishad Singh&#8217;in yan\u0131 s\u0131ra eski Alameda CEO&#8217;su Caroline Ellison, iflas eden kurulu\u015flarda yanl\u0131\u015f yapt\u0131klar\u0131n\u0131 kabul ettiler ve firmalarda doland\u0131r\u0131c\u0131l\u0131k i\u00e7eren iddia edilen rolleriyle ilgili birden fazla su\u00e7lamay\u0131 kabul ettiler. \u00dc\u00e7 eski y\u00f6neticinin de savc\u0131larla i\u015f birli\u011fi yapt\u0131\u011f\u0131 bildiriliyor.<\/p>\n\n\n\n<p>Bankman-Fried, kendisine y\u00f6neltilen 13 federal su\u00e7laman\u0131n t\u00fcm\u00fcnde su\u00e7suz oldu\u011funu iddia etti ve Ekim ay\u0131nda yap\u0131lmas\u0131 planlanan duru\u015fmas\u0131na kadar ailesinin Kaliforniya&#8217;daki evinde 250 milyon dolarl\u0131k bir kefaletle ev hapsinde tutuluyor.<\/p>\n","protected":false},"excerpt":{"rendered":"<p>FTX&#8217;in yeni y\u00f6netim ekibi, iflas eden kripto para borsas\u0131n\u0131n \u00e7\u00f6k\u00fc\u015f\u00fcne neyin yol a\u00e7t\u0131\u011f\u0131na dair bir ilk rapor yay\u0131nlayarak, g\u00f6revden al\u0131nan kurucu ve CEO Sam Bankman-Fried&#8217;in liderli\u011findeki operasyonlar\u0131n\u0131n \u00e7arp\u0131c\u0131 bir resmini \u00e7izdi. Yeni icra kurulu ba\u015fkan\u0131 ve yeniden planland\u0131rma yetkilisi John J. Ray III \u00f6nderli\u011findeki FTX bor\u00e7lular\u0131, genel de\u011ferlendirme yaz\u0131s\u0131nda &#8220;FTX Grubunun ba\u015far\u0131s\u0131zl\u0131\u011f\u0131, yeni geli\u015fmekte olan [&hellip;]<\/p>\n","protected":false},"author":33,"featured_media":45267,"comment_status":"open","ping_status":"closed","sticky":false,"template":"","format":"standard","meta":{"footnotes":""},"categories":[50],"tags":[8567,7483,7473,103,2932],"class_list":["post-46065","post","type-post","status-publish","format-standard","has-post-thumbnail","hentry","category-kripto-para","tag-alameda-research","tag-dolandiricilik","tag-ftx","tag-kripto-para","tag-kripto-platformu"],"_links":{"self":[{"href":"https:\/\/www.indir.com\/haber\/wp-json\/wp\/v2\/posts\/46065","targetHints":{"allow":["GET"]}}],"collection":[{"href":"https:\/\/www.indir.com\/haber\/wp-json\/wp\/v2\/posts"}],"about":[{"href":"https:\/\/www.indir.com\/haber\/wp-json\/wp\/v2\/types\/post"}],"author":[{"embeddable":true,"href":"https:\/\/www.indir.com\/haber\/wp-json\/wp\/v2\/users\/33"}],"replies":[{"embeddable":true,"href":"https:\/\/www.indir.com\/haber\/wp-json\/wp\/v2\/comments?post=46065"}],"version-history":[{"count":0,"href":"https:\/\/www.indir.com\/haber\/wp-json\/wp\/v2\/posts\/46065\/revisions"}],"wp:featuredmedia":[{"embeddable":true,"href":"https:\/\/www.indir.com\/haber\/wp-json\/wp\/v2\/media\/45267"}],"wp:attachment":[{"href":"https:\/\/www.indir.com\/haber\/wp-json\/wp\/v2\/media?parent=46065"}],"wp:term":[{"taxonomy":"category","embeddable":true,"href":"https:\/\/www.indir.com\/haber\/wp-json\/wp\/v2\/categories?post=46065"},{"taxonomy":"post_tag","embeddable":true,"href":"https:\/\/www.indir.com\/haber\/wp-json\/wp\/v2\/tags?post=46065"}],"curies":[{"name":"wp","href":"https:\/\/api.w.org\/{rel}","templated":true}]}}