{"id":45585,"date":"2023-04-04T11:30:00","date_gmt":"2023-04-04T08:30:00","guid":{"rendered":"https:\/\/www.indir.com\/haber\/?p=45585"},"modified":"2023-04-04T10:21:06","modified_gmt":"2023-04-04T07:21:06","slug":"mcdonalds-isten-cikarma-dalgasina-katiliyor","status":"publish","type":"post","link":"https:\/\/www.indir.com\/haber\/mcdonalds-isten-cikarma-dalgasina-katiliyor\/","title":{"rendered":"McDonald&#8217;s \u0130\u015ften \u00c7\u0131karma Dalgas\u0131na Kat\u0131l\u0131yor"},"content":{"rendered":"\n<p>D\u00fcnyan\u0131n en b\u00fcy\u00fck fast food \u015firketlerinden olan McDonald\u2019s personel say\u0131s\u0131nda k\u00fc\u00e7\u00fclmeye gidece\u011fini duyurdu. ABD\u2019de bulunan ofislerini ge\u00e7ici olarak kapatan McDonald\u2019s, i\u015ften \u00e7\u0131karma dalgas\u0131na kat\u0131lan \u015firketler aras\u0131nda. \u015eirketin g\u00f6nderdi\u011fi e-postada, net bir bilgi olmamakla beraber \u00e7al\u0131\u015fanlarla ilgili \u00f6nemli bir karar oldu\u011fu bilgisi iletildi.&nbsp;<\/p>\n\n\n\n<figure class=\"wp-block-image size-full\"><img loading=\"lazy\" decoding=\"async\" width=\"1280\" height=\"720\" src=\"https:\/\/www.indir.com\/haber\/wp-content\/uploads\/2023\/01\/mcdonalds-metaversede-yerini-aldi.jpeg\" alt=\"McDonald\u2019s \u0130\u015ften \u00c7\u0131karma Dalgas\u0131na Kat\u0131l\u0131yor\" class=\"wp-image-41429\" title=\"\" srcset=\"https:\/\/www.indir.com\/haber\/wp-content\/uploads\/2023\/01\/mcdonalds-metaversede-yerini-aldi.jpeg 1280w, https:\/\/www.indir.com\/haber\/wp-content\/uploads\/2023\/01\/mcdonalds-metaversede-yerini-aldi-300x169.jpeg 300w, https:\/\/www.indir.com\/haber\/wp-content\/uploads\/2023\/01\/mcdonalds-metaversede-yerini-aldi-768x432.jpeg 768w\" sizes=\"auto, (max-width: 1280px) 100vw, 1280px\" \/><\/figure>\n\n\n\n<h2 class=\"wp-block-heading\">McDonald\u2019s Ki\u015fi Say\u0131s\u0131n\u0131 Belirtmedi<\/h2>\n\n\n\n<p>Ge\u00e7ti\u011fimiz g\u00fcnlerde h\u0131zla devam eden i\u015ften \u00e7\u0131karma furyas\u0131na McDonald\u2019s da kat\u0131ld\u0131. K\u00fcresel fast food \u015firketi ABD\u2019deki ofislerinde i\u015ften \u00e7\u0131karmalar ger\u00e7ekle\u015ftirecek. \u0130\u015ften \u00e7\u0131kar\u0131lacak ki\u015fi say\u0131s\u0131 ise bilinmiyor. Bilinenler aras\u0131nda ise baz\u0131 uluslararas\u0131 personellerin evden \u00e7al\u0131\u015fmalar\u0131n\u0131n istenmesi var.&nbsp;<\/p>\n\n\n\n<p>Ge\u00e7ti\u011fimiz y\u0131l kriptodaki ani d\u00fc\u015f\u00fc\u015flerden sonra ba\u015flayan ak\u0131ma McDonald\u2019s da kat\u0131lm\u0131\u015ft\u0131. \u015eirket, \u2018Kripto hesab\u0131 adminleri nas\u0131ls\u0131n\u0131z?\u2019 ifadeleri kullanarak destek olmu\u015ftu. El Salvador Ba\u015fkan\u0131, \u015firketin kripto para konulu tweetlerinin ard\u0131ndan McDonald\u2019s logolu \u015fapka ve ti\u015f\u00f6rt bulunan bir payla\u015f\u0131m yapm\u0131\u015ft\u0131. Ayr\u0131ca McDonald\u2019s\u2019\u0131n sorusunu y\u00fcz\u00fcn\u00fc maske ile kapatmaya \u00e7al\u0131\u015fan bir g\u00f6rsel ile cevaplad\u0131. Bug\u00fcnlerde g\u00fcndemde olan i\u015ften \u00e7\u0131karma haberleri de \u2018Kriptocular\u0131n bir kap\u0131s\u0131 daha kapan\u0131yor mu?\u2019 diye d\u00fc\u015f\u00fcnd\u00fcrm\u00fcyor de\u011fil.\u00a0<\/p>\n","protected":false},"excerpt":{"rendered":"<p>McDonald\u2019s \u0130\u015ften \u00c7\u0131karma Dalgas\u0131na Kat\u0131l\u0131yor<\/p>\n","protected":false},"author":39,"featured_media":45590,"comment_status":"open","ping_status":"closed","sticky":false,"template":"","format":"standard","meta":{"footnotes":""},"categories":[54],"tags":[8489,8488],"class_list":["post-45585","post","type-post","status-publish","format-standard","has-post-thumbnail","hentry","category-internet","tag-fast-food","tag-mcdonalds"],"_links":{"self":[{"href":"https:\/\/www.indir.com\/haber\/wp-json\/wp\/v2\/posts\/45585","targetHints":{"allow":["GET"]}}],"collection":[{"href":"https:\/\/www.indir.com\/haber\/wp-json\/wp\/v2\/posts"}],"about":[{"href":"https:\/\/www.indir.com\/haber\/wp-json\/wp\/v2\/types\/post"}],"author":[{"embeddable":true,"href":"https:\/\/www.indir.com\/haber\/wp-json\/wp\/v2\/users\/39"}],"replies":[{"embeddable":true,"href":"https:\/\/www.indir.com\/haber\/wp-json\/wp\/v2\/comments?post=45585"}],"version-history":[{"count":0,"href":"https:\/\/www.indir.com\/haber\/wp-json\/wp\/v2\/posts\/45585\/revisions"}],"wp:featuredmedia":[{"embeddable":true,"href":"https:\/\/www.indir.com\/haber\/wp-json\/wp\/v2\/media\/45590"}],"wp:attachment":[{"href":"https:\/\/www.indir.com\/haber\/wp-json\/wp\/v2\/media?parent=45585"}],"wp:term":[{"taxonomy":"category","embeddable":true,"href":"https:\/\/www.indir.com\/haber\/wp-json\/wp\/v2\/categories?post=45585"},{"taxonomy":"post_tag","embeddable":true,"href":"https:\/\/www.indir.com\/haber\/wp-json\/wp\/v2\/tags?post=45585"}],"curies":[{"name":"wp","href":"https:\/\/api.w.org\/{rel}","templated":true}]}}