{"id":44243,"date":"2023-03-21T14:15:00","date_gmt":"2023-03-21T11:15:00","guid":{"rendered":"https:\/\/www.indir.com\/haber\/?p=44243"},"modified":"2023-03-21T14:03:21","modified_gmt":"2023-03-21T11:03:21","slug":"twitch-400-calisani-isten-cikaracagini-acikladi","status":"publish","type":"post","link":"https:\/\/www.indir.com\/haber\/twitch-400-calisani-isten-cikaracagini-acikladi\/","title":{"rendered":"Twitch 400 \u00e7al\u0131\u015fan\u0131 i\u015ften \u00e7\u0131karaca\u011f\u0131n\u0131 a\u00e7\u0131klad\u0131"},"content":{"rendered":"\n<p>Twitch Pazartesi g\u00fcn\u00fc i\u015fg\u00fcc\u00fcn\u00fc azaltma planlar\u0131n\u0131 a\u00e7\u0131klad\u0131 ve g\u00f6r\u00fcn\u00fc\u015fte patlama yapan yay\u0131n sitesinin bile son alt\u0131 aydaki teknoloji end\u00fcstrisini kas\u0131p kavuran k\u00fc\u00e7\u00fclmelere dayanamad\u0131\u011f\u0131n\u0131 g\u00f6sterdi.<\/p>\n\n\n\n<p>\u0130\u015ften \u00e7\u0131karmalar\u0131n \u015firketteki 400 \u00e7al\u0131\u015fan\u0131 etkileyece\u011fi d\u00fc\u015f\u00fcn\u00fcl\u00fcyor ve bu durum Twitch&#8217;in uzun vadede i\u015f g\u00f6r\u00fcn\u00fcm\u00fcn\u00fc iyile\u015ftirme \u00e7abas\u0131 olarak nitelendiriliyor. Bu azaltma, Twitch&#8217;in ana \u015firketi Amazon&#8217;un AWS bulut ve reklamc\u0131l\u0131k birimleri de dahil olmak \u00fczere t\u00fcm b\u00f6l\u00fcmlerinde 9.000 \u00e7al\u0131\u015fan\u0131 i\u015ften \u00e7\u0131karma planlar\u0131n\u0131n bir par\u00e7as\u0131.<\/p>\n\n\n\n<figure class=\"wp-block-image size-full\"><img loading=\"lazy\" decoding=\"async\" width=\"1600\" height=\"900\" src=\"https:\/\/www.indir.com\/haber\/wp-content\/uploads\/2022\/07\/twitch-yeni-bagis-ozelligini-duyurdu.jpg\" alt=\"\" class=\"wp-image-29046\" title=\"\" srcset=\"https:\/\/www.indir.com\/haber\/wp-content\/uploads\/2022\/07\/twitch-yeni-bagis-ozelligini-duyurdu.jpg 1600w, https:\/\/www.indir.com\/haber\/wp-content\/uploads\/2022\/07\/twitch-yeni-bagis-ozelligini-duyurdu-300x169.jpg 300w, https:\/\/www.indir.com\/haber\/wp-content\/uploads\/2022\/07\/twitch-yeni-bagis-ozelligini-duyurdu-768x432.jpg 768w, https:\/\/www.indir.com\/haber\/wp-content\/uploads\/2022\/07\/twitch-yeni-bagis-ozelligini-duyurdu-1536x864.jpg 1536w\" sizes=\"auto, (max-width: 1600px) 100vw, 1600px\" \/><figcaption class=\"wp-element-caption\">Twitch i\u015f g\u00fcc\u00fcnde k\u00fc\u00e7\u00fclmeye gidiyor.<\/figcaption><\/figure>\n\n\n\n<blockquote class=\"wp-block-quote is-layout-flow wp-block-quote-is-layout-flow\">\n<p>Yeni Twitch CEO&#8217;su Dan Clancy, &#8220;Bir\u00e7ok \u015firket gibi bizim i\u015fimiz de mevcut makroekonomik ortamdan etkilendi ve kullan\u0131c\u0131 ve gelir art\u0131\u015f\u0131 beklentilerimize ayak uyduramad\u0131&#8221; dedi.&nbsp;<\/p>\n\n\n\n<p>&#8220;\u0130\u015fimizi s\u00fcrd\u00fcr\u00fclebilir bir \u015fekilde y\u00fcr\u00fctmek i\u00e7in, i\u015f g\u00fcc\u00fcm\u00fcz\u00fc k\u00fc\u00e7\u00fcltmek gibi \u00e7ok zor bir karar ald\u0131k.&#8221;<\/p>\n<\/blockquote>\n\n\n\n<p>Clancy haberi, uzun s\u00fcredir Twitch CEO&#8217;su olan Emmett Shear&#8217;in ailesiyle vakit ge\u00e7irmek i\u00e7in \u015firketten ayr\u0131laca\u011f\u0131n\u0131 a\u00e7\u0131klamas\u0131ndan birka\u00e7 g\u00fcn sonra \u015firketin blogunda duyurdu. Clancy, \u015firketteki g\u00fcnl\u00fck operasyonlar\u0131 y\u00fcr\u00fctt\u00fc\u011f\u00fc \u00f6nceki pozisyonu olan ba\u015fkanl\u0131ktan icra kurulu ba\u015fkanl\u0131\u011f\u0131na ge\u00e7ti.<\/p>\n\n\n\n<p>Twitch, muazzam k\u00fclt\u00fcrel etkisi a\u00e7\u0131s\u0131ndan hala y\u00fckseli\u015fte olan bir platform olsa da, \u015firket muhtemelen pandeminin ilk d\u00f6nemlerindeki zirvesini yakalamakta zorland\u0131.&nbsp;<\/p>\n\n\n\n<p>\u0130nsanlar\u0131n evde s\u0131k\u0131\u015f\u0131p kalmas\u0131yla \u00e7evrim i\u00e7i alanlarda ge\u00e7irilen saatler artt\u0131 ve i\u015fe al\u0131mlar da bunu takip etti. Ancak son zamanlardaki belirsiz ekonomik ko\u015fullar, teknoloji \u015firketlerinin stratosferik yeni ba\u015far\u0131 \u00f6l\u00e7\u00fctlerini yery\u00fcz\u00fcne geri \u00e7ekiyor ve \u00e7o\u011fu durumda onlar\u0131 geri \u00e7ekilmeye ve ekiplerinin boyutunu k\u00fc\u00e7\u00fcltmeye sevk ediyor.<\/p>\n","protected":false},"excerpt":{"rendered":"<p>Twitch Pazartesi g\u00fcn\u00fc i\u015fg\u00fcc\u00fcn\u00fc azaltma planlar\u0131n\u0131 a\u00e7\u0131klad\u0131 ve g\u00f6r\u00fcn\u00fc\u015fte patlama yapan yay\u0131n sitesinin bile son alt\u0131 aydaki teknoloji end\u00fcstrisini kas\u0131p kavuran k\u00fc\u00e7\u00fclmelere dayanamad\u0131\u011f\u0131n\u0131 g\u00f6sterdi. \u0130\u015ften \u00e7\u0131karmalar\u0131n \u015firketteki 400 \u00e7al\u0131\u015fan\u0131 etkileyece\u011fi d\u00fc\u015f\u00fcn\u00fcl\u00fcyor ve bu durum Twitch&#8217;in uzun vadede i\u015f g\u00f6r\u00fcn\u00fcm\u00fcn\u00fc iyile\u015ftirme \u00e7abas\u0131 olarak nitelendiriliyor. Bu azaltma, Twitch&#8217;in ana \u015firketi Amazon&#8217;un AWS bulut ve reklamc\u0131l\u0131k birimleri de [&hellip;]<\/p>\n","protected":false},"author":37,"featured_media":35864,"comment_status":"open","ping_status":"closed","sticky":false,"template":"","format":"standard","meta":{"footnotes":""},"categories":[54],"tags":[131],"class_list":["post-44243","post","type-post","status-publish","format-standard","has-post-thumbnail","hentry","category-internet","tag-twitch"],"_links":{"self":[{"href":"https:\/\/www.indir.com\/haber\/wp-json\/wp\/v2\/posts\/44243","targetHints":{"allow":["GET"]}}],"collection":[{"href":"https:\/\/www.indir.com\/haber\/wp-json\/wp\/v2\/posts"}],"about":[{"href":"https:\/\/www.indir.com\/haber\/wp-json\/wp\/v2\/types\/post"}],"author":[{"embeddable":true,"href":"https:\/\/www.indir.com\/haber\/wp-json\/wp\/v2\/users\/37"}],"replies":[{"embeddable":true,"href":"https:\/\/www.indir.com\/haber\/wp-json\/wp\/v2\/comments?post=44243"}],"version-history":[{"count":0,"href":"https:\/\/www.indir.com\/haber\/wp-json\/wp\/v2\/posts\/44243\/revisions"}],"wp:featuredmedia":[{"embeddable":true,"href":"https:\/\/www.indir.com\/haber\/wp-json\/wp\/v2\/media\/35864"}],"wp:attachment":[{"href":"https:\/\/www.indir.com\/haber\/wp-json\/wp\/v2\/media?parent=44243"}],"wp:term":[{"taxonomy":"category","embeddable":true,"href":"https:\/\/www.indir.com\/haber\/wp-json\/wp\/v2\/categories?post=44243"},{"taxonomy":"post_tag","embeddable":true,"href":"https:\/\/www.indir.com\/haber\/wp-json\/wp\/v2\/tags?post=44243"}],"curies":[{"name":"wp","href":"https:\/\/api.w.org\/{rel}","templated":true}]}}