{"id":42217,"date":"2023-02-09T13:11:09","date_gmt":"2023-02-09T10:11:09","guid":{"rendered":"https:\/\/www.indir.com\/haber\/?p=42217"},"modified":"2023-02-09T13:11:12","modified_gmt":"2023-02-09T10:11:12","slug":"uberden-depreme-yonelik-yardim-seferberligine-ucretsiz-destek","status":"publish","type":"post","link":"https:\/\/www.indir.com\/haber\/uberden-depreme-yonelik-yardim-seferberligine-ucretsiz-destek\/","title":{"rendered":"<strong>Uber\u2019den Depreme Y\u00f6nelik Yard\u0131m Seferberli\u011fine \u00dccretsiz Destek<\/strong>"},"content":{"rendered":"\n<p>T\u00fcrkiye, 6 \u015eubat tarihinde meydana gelen deprem haberlerinin ard\u0131ndan, Elbistan merkezli ikinci b\u00fcy\u00fck depremle tekrar korku dolu anlar ya\u015fand\u0131. Kahramanmara\u015f merkezli 7.7 ve 7.6 \u015fiddetinde meydana gelen depremler beraberinde 11 ili de derinden etkiledi.\u00a0<\/p>\n\n\n\n<p>Depremin oldu\u011fu andan itibaren Kahramanmara\u015f, Gaziantep, Adana, Hatay, Malatya, Diyarbak\u0131r, \u015eanl\u0131urfa, Ad\u0131yaman, Osmaniye gibi bir\u00e7ok ilimiz i\u00e7in t\u00fcm T\u00fcrkiye tek y\u00fcrek olarak yard\u0131m seferberli\u011fi ba\u015flatt\u0131.<\/p>\n\n\n<div class=\"wp-block-image\">\n<figure class=\"aligncenter size-full is-resized\"><img loading=\"lazy\" decoding=\"async\" src=\"https:\/\/www.indir.com\/haber\/wp-content\/uploads\/2023\/02\/stronguberden-depreme-yonelik-yardim-seferberligine-ucretsiz-destekstrong.jpeg\" alt=\"\" class=\"wp-image-42218\" width=\"1600\" height=\"900\" title=\"\" srcset=\"https:\/\/www.indir.com\/haber\/wp-content\/uploads\/2023\/02\/stronguberden-depreme-yonelik-yardim-seferberligine-ucretsiz-destekstrong.jpeg 696w, https:\/\/www.indir.com\/haber\/wp-content\/uploads\/2023\/02\/stronguberden-depreme-yonelik-yardim-seferberligine-ucretsiz-destekstrong-300x169.jpeg 300w\" sizes=\"auto, (max-width: 1600px) 100vw, 1600px\" \/><\/figure>\n<\/div>\n\n\n<p><\/p>\n\n\n\n<p>\u0130htiya\u00e7 duyulan e\u015fyalar\u0131 deprem b\u00f6lgesine yeti\u015ftirebilmek i\u00e7in bir\u00e7ok marka ve \u015firket yard\u0131m faaliyetlerine ba\u015flad\u0131. T\u00fcrkiye\u2019nin yan\u0131s\u0131ra d\u00fcnya \u00fczerindeki pek \u00e7ok \u00fclke depremin ard\u0131ndan T\u00fcrkiye\u2019ye olan deste\u011fini esirgemedi. Yard\u0131m paketlerinin ilgili kurum ve kurulu\u015flara verilerek, deprem b\u00f6lgelerine sa\u011fl\u0131kl\u0131 bir \u015fekilde ula\u015fmas\u0131 i\u00e7in b\u00fcy\u00fck bir \u00e7aba sarf edildi. Ula\u015f\u0131mlar\u0131n aksamamas\u0131 i\u00e7in Uber de bir \u00e7al\u0131\u015fma ba\u015flatt\u0131. Global teknoloji platformu Uber, yard\u0131m faaliyetlerine katk\u0131da bulunmak amac\u0131yla kullan\u0131c\u0131lar\u0131na bir e-posta g\u00f6ndererek yard\u0131mlar\u0131 \u00fccretsiz toplayaca\u011f\u0131n\u0131 duyurdu.&nbsp;<\/p>\n\n\n\n<p>Uber, deprem b\u00f6lgelerine yard\u0131ma ihtiyac\u0131 olan insanlar i\u00e7in yard\u0131mda bulunmak isteyen ve buna y\u00f6nelik haz\u0131rl\u0131k yapanlar i\u00e7in \u00fccretsiz olarak ula\u015f\u0131m sa\u011flayacaklar\u0131n\u0131 a\u00e7\u0131klad\u0131.&nbsp;<\/p>\n\n\n\n<h2 class=\"wp-block-heading\"><strong>Yard\u0131m Paketlerini Uber Ara\u00e7lar\u0131na Ne Zaman Verebilirsiniz?<\/strong><\/h2>\n\n\n\n<p>\u0130stanbul\u2019da 8-9 ve 10 \u015eubat tarihlerinde saat 10:00-17:00 aras\u0131nda Uber kullan\u0131c\u0131lar\u0131n\u0131n kar\u015f\u0131lar\u0131na \u00e7\u0131kacak olan \u201cDeprem Yard\u0131m\u201d se\u00e7ene\u011fiyle \u00fccretsiz bir \u015fekilde Uber taksiler \u00e7a\u011fr\u0131labilecek. Uber \u015fof\u00f6rleri, yard\u0131m paketinizi g\u00fcvenli bir \u015fekilde \u0130stanbul B\u00fcy\u00fck\u015fehir Belediyesine ula\u015ft\u0131racakt\u0131r.<\/p>\n\n\n\n<h2 class=\"wp-block-heading\"><strong>Uber\u2019e Ula\u015fan Yard\u0131m Paketleri \u0130stanbul B\u00fcy\u00fck\u015fehir Belediyesine Teslim Edilecek<\/strong><\/h2>\n\n\n\n<p>Uber arac\u0131l\u0131\u011f\u0131yla toplanan yard\u0131mlar, deprem b\u00f6lgesine ula\u015ft\u0131r\u0131lmak \u00fczere \u0130stanbul B\u00fcy\u00fck\u015fehir Belediyesine teslim edilecek. Toplanan yard\u0131mlar; Yenikap\u0131 Avrasya G\u00f6steri Merkezi ve Kartal Lojistik Merkezlerinde incelenerek, kategorize edilecek.<\/p>\n\n\n\n<p>Ayr\u0131ca Uber kullan\u0131c\u0131lar i\u00e7in ihtiya\u00e7 listesi de payla\u015ft\u0131. \u00d6ncelikle g\u00f6nderilecek \u00fcr\u00fcnlerin daha kullan\u0131lmam\u0131\u015f, temiz ve yeni olmas\u0131 gerekiyor. \u0130htiya\u00e7lar aras\u0131nda ilk s\u0131rada battaniye, temiz bebek k\u0131yafeti, bebek bezi, hijyenik ped, bot, mont, eldiven, atk\u0131, bere ve powerbank yer al\u0131yor.&nbsp; Yard\u0131m paketinizi haz\u0131rlarken so\u011fuk hava \u015fartlar\u0131n\u0131 g\u00f6z \u00f6n\u00fcnde bulundurman\u0131z ihtiya\u00e7lar\u0131n giderilmesi konusunda b\u00fcy\u00fck bir fayda sa\u011flayacakt\u0131r.<\/p>\n","protected":false},"excerpt":{"rendered":"<p>T\u00fcrkiye, 6 \u015eubat tarihinde meydana gelen deprem haberlerinin ard\u0131ndan, Elbistan merkezli ikinci b\u00fcy\u00fck depremle tekrar korku dolu anlar ya\u015fand\u0131. Kahramanmara\u015f merkezli 7.7 ve 7.6 \u015fiddetinde meydana gelen depremler beraberinde 11 ili de derinden etkiledi.\u00a0 Depremin oldu\u011fu andan itibaren Kahramanmara\u015f, Gaziantep, Adana, Hatay, Malatya, Diyarbak\u0131r, \u015eanl\u0131urfa, Ad\u0131yaman, Osmaniye gibi bir\u00e7ok ilimiz i\u00e7in t\u00fcm T\u00fcrkiye tek y\u00fcrek [&hellip;]<\/p>\n","protected":false},"author":8,"featured_media":42221,"comment_status":"open","ping_status":"closed","sticky":false,"template":"","format":"standard","meta":{"footnotes":""},"categories":[54],"tags":[2662,110],"class_list":["post-42217","post","type-post","status-publish","format-standard","has-post-thumbnail","hentry","category-internet","tag-deprem","tag-uber"],"_links":{"self":[{"href":"https:\/\/www.indir.com\/haber\/wp-json\/wp\/v2\/posts\/42217","targetHints":{"allow":["GET"]}}],"collection":[{"href":"https:\/\/www.indir.com\/haber\/wp-json\/wp\/v2\/posts"}],"about":[{"href":"https:\/\/www.indir.com\/haber\/wp-json\/wp\/v2\/types\/post"}],"author":[{"embeddable":true,"href":"https:\/\/www.indir.com\/haber\/wp-json\/wp\/v2\/users\/8"}],"replies":[{"embeddable":true,"href":"https:\/\/www.indir.com\/haber\/wp-json\/wp\/v2\/comments?post=42217"}],"version-history":[{"count":0,"href":"https:\/\/www.indir.com\/haber\/wp-json\/wp\/v2\/posts\/42217\/revisions"}],"wp:featuredmedia":[{"embeddable":true,"href":"https:\/\/www.indir.com\/haber\/wp-json\/wp\/v2\/media\/42221"}],"wp:attachment":[{"href":"https:\/\/www.indir.com\/haber\/wp-json\/wp\/v2\/media?parent=42217"}],"wp:term":[{"taxonomy":"category","embeddable":true,"href":"https:\/\/www.indir.com\/haber\/wp-json\/wp\/v2\/categories?post=42217"},{"taxonomy":"post_tag","embeddable":true,"href":"https:\/\/www.indir.com\/haber\/wp-json\/wp\/v2\/tags?post=42217"}],"curies":[{"name":"wp","href":"https:\/\/api.w.org\/{rel}","templated":true}]}}