{"id":4177,"date":"2021-10-21T16:30:00","date_gmt":"2021-10-21T13:30:00","guid":{"rendered":"https:\/\/www.indir.com\/haber\/?p=4177"},"modified":"2021-10-21T16:02:31","modified_gmt":"2021-10-21T13:02:31","slug":"iphone-se-3-lcd-ekranli-son-apple-telefonu-olabilir","status":"publish","type":"post","link":"https:\/\/www.indir.com\/haber\/iphone-se-3-lcd-ekranli-son-apple-telefonu-olabilir\/","title":{"rendered":"iPhone SE 3 LCD ekranl\u0131 son Apple telefonu olabilir"},"content":{"rendered":"\n<p>iPhone SE 3 modelinde ekran teknolojisi yine LCD olacak. Ancak s\u0131zd\u0131r\u0131lan yeni raporlara g\u00f6re iPhone SE 3 LCD ile desteklenecek son Apple modeli olacak.<\/p>\n\n\n\n<p>Apple, 2022 y\u0131l\u0131 itibariyle iPhone SE serisinin 3. versiyonunu tan\u0131tacak. B\u00f6ylece daha uygun fiyatl\u0131 bir iPhone kullanmak isteyenler i\u00e7in yeni teknoloji ve \u00e7iplerle desteklenen g\u00fc\u00e7l\u00fc bir alternatif piyasaya sunulacak. Yeni modelin tan\u0131t\u0131m\u0131na uzun bir s\u00fcre olmas\u0131na kar\u015f\u0131n iPhone SE modeli hakk\u0131nda yap\u0131lan yeni s\u0131z\u0131nt\u0131larda dikkat \u00e7eken bir ayr\u0131nt\u0131 ke\u015ffedildi. Rapora g\u00f6re LCD teknolojisini yava\u015f yava\u015f terk etmeye ba\u015flayan Apple, iPhone SE 3 ile birlikte LCD\u2019ye sahip son modelini piyasaya sunacak. B\u00f6ylece tan\u0131t\u0131m tarihi itibariyle Apple i\u00e7in LCD d\u00f6nemi sona ermi\u015f olacak.<\/p>\n\n\n\n<h2 class=\"wp-block-heading\">iPhone SE 3 ne zaman tan\u0131t\u0131lacak?<\/h2>\n\n\n\n<p>Resmi olmasa da kaynaklara g\u00f6re iPhone SE 3 modelinin tan\u0131t\u0131m\u0131 \u00f6n\u00fcm\u00fczdeki bahar olacak. Bahar aylar\u0131nda yap\u0131lacak tan\u0131t\u0131m ile birlikte SE serisinin 3. versiyonu da kullan\u0131ma sunulacak. &nbsp;LCD daha ucuz bir teknoloji oldu\u011fundan dolay\u0131 sonraki serilerde fiyatlar mevcut SE fiyatlar\u0131na g\u00f6re daha da y\u00fckselebilir.<\/p>\n\n\n\n<h2 class=\"wp-block-heading\">iPhone SE 3 \u00f6zellikleri neler olacak?<\/h2>\n\n\n\n<p>Hen\u00fcz \u00e7ok erken olmas\u0131na kar\u015f\u0131n yeni iPhone SE 3 i\u00e7in yap\u0131lan payla\u015f\u0131mlarda tasar\u0131m anlam\u0131nda yeni bir de\u011fi\u015fikli\u011fe gidilecek. iPhone SE 2\u2019ye g\u00f6re farkl\u0131 olacak yeni modellerde baz al\u0131nacak modelin ise iPhone XR olmas\u0131 bekleniyor. Cihazda i\u015flemcide ise A15 Bionic olmas\u0131 muhtemel. \u00c7inli kaynaklara g\u00f6re telefonun depolama se\u00e7eneklerinde 64, 128 ve 256 GB olmak \u00fczere 3 versiyon sunulacak. Ba\u015flang\u0131\u00e7 fiyat\u0131n\u0131n ise 515 dolar olmas\u0131 bekleniyor. Raporlardaki veriler do\u011fru olursa, iPhone SE 3 piyasadaki en uygun fiyatl\u0131 5G destekli Apple \u00fcr\u00fcn\u00fc olacak.<\/p>\n\n\n\n<p>2022&#8217;nin bahar d\u00f6nemine kadar model i\u00e7in \u00e7ok daha fazla detay\u0131n s\u0131zd\u0131r\u0131lmas\u0131 bekleniyor.<\/p>\n","protected":false},"excerpt":{"rendered":"<p>iPhone SE 3 modelinde ekran teknolojisi yine LCD olacak. Ancak s\u0131zd\u0131r\u0131lan yeni raporlara g\u00f6re iPhone SE 3 LCD ile desteklenecek son Apple modeli olacak. Apple, 2022 y\u0131l\u0131 itibariyle iPhone SE serisinin 3. versiyonunu tan\u0131tacak. B\u00f6ylece daha uygun fiyatl\u0131 bir iPhone kullanmak isteyenler i\u00e7in yeni teknoloji ve \u00e7iplerle desteklenen g\u00fc\u00e7l\u00fc bir alternatif piyasaya sunulacak. Yeni modelin [&hellip;]<\/p>\n","protected":false},"author":6,"featured_media":4178,"comment_status":"open","ping_status":"closed","sticky":false,"template":"","format":"standard","meta":{"footnotes":""},"categories":[61,46],"tags":[686],"class_list":["post-4177","post","type-post","status-publish","format-standard","has-post-thumbnail","hentry","category-ios","category-mobil","tag-iphone-se-3"],"_links":{"self":[{"href":"https:\/\/www.indir.com\/haber\/wp-json\/wp\/v2\/posts\/4177","targetHints":{"allow":["GET"]}}],"collection":[{"href":"https:\/\/www.indir.com\/haber\/wp-json\/wp\/v2\/posts"}],"about":[{"href":"https:\/\/www.indir.com\/haber\/wp-json\/wp\/v2\/types\/post"}],"author":[{"embeddable":true,"href":"https:\/\/www.indir.com\/haber\/wp-json\/wp\/v2\/users\/6"}],"replies":[{"embeddable":true,"href":"https:\/\/www.indir.com\/haber\/wp-json\/wp\/v2\/comments?post=4177"}],"version-history":[{"count":0,"href":"https:\/\/www.indir.com\/haber\/wp-json\/wp\/v2\/posts\/4177\/revisions"}],"wp:featuredmedia":[{"embeddable":true,"href":"https:\/\/www.indir.com\/haber\/wp-json\/wp\/v2\/media\/4178"}],"wp:attachment":[{"href":"https:\/\/www.indir.com\/haber\/wp-json\/wp\/v2\/media?parent=4177"}],"wp:term":[{"taxonomy":"category","embeddable":true,"href":"https:\/\/www.indir.com\/haber\/wp-json\/wp\/v2\/categories?post=4177"},{"taxonomy":"post_tag","embeddable":true,"href":"https:\/\/www.indir.com\/haber\/wp-json\/wp\/v2\/tags?post=4177"}],"curies":[{"name":"wp","href":"https:\/\/api.w.org\/{rel}","templated":true}]}}