{"id":4167,"date":"2021-10-21T17:45:00","date_gmt":"2021-10-21T14:45:00","guid":{"rendered":"https:\/\/www.indir.com\/haber\/?p=4167"},"modified":"2021-10-21T16:38:35","modified_gmt":"2021-10-21T13:38:35","slug":"intel-core-i9-12900k-sizintisi-amdyi-uzebilir","status":"publish","type":"post","link":"https:\/\/www.indir.com\/haber\/intel-core-i9-12900k-sizintisi-amdyi-uzebilir\/","title":{"rendered":"Intel Core i9-12900K s\u0131z\u0131nt\u0131s\u0131 AMD&#8217;yi \u00fczebilir"},"content":{"rendered":"\n<p>Teknoloji devinin \u00fczerinde \u00e7al\u0131\u015ft\u0131\u011f\u0131 Intel Core i9-12900K modeli i\u00e7in yeni bir s\u0131z\u0131nt\u0131 ya\u015fand\u0131. S\u0131z\u0131nt\u0131da \u00e7ekirdeklerinde performans\u0131n 5.2GHz\u2019e kadar ula\u015fabildi\u011fi g\u00f6r\u00fcld\u00fc.<\/p>\n\n\n\n<p>Intel\u2019in Alder Lake serisinin amiral gemisi olacak Intel Core i9-12900K modeli i\u00e7in \u00f6nemli bir s\u0131z\u0131nt\u0131 daha ya\u015fand\u0131. Ge\u00e7ti\u011fimiz g\u00fcnlerde yap\u0131lan payla\u015f\u0131mlar ile yeni i\u015flemciye dair pek \u00e7ok detay a\u00e7\u0131\u011fa \u00e7\u0131karken, bu sefer \u00fcretimi tamamlanm\u0131\u015f bir Intel Core i9-12900K \u00e7ip g\u00f6sterildi. Yeni model, \u00f6zellikle AMD ile Intel aras\u0131ndaki yar\u0131\u015f\u0131n seyrini tamamen de\u011fi\u015ftirebilir. Zira yap\u0131lan ilk payla\u015f\u0131mlar ve s\u0131z\u0131nt\u0131lar ile birlikte Intel\u2019in \u00e7ok daha iddial\u0131 bir \u015fekilde piyasaya giri\u015f yapaca\u011f\u0131 beklentisi olu\u015ftu.<\/p>\n\n\n\n<h2 class=\"wp-block-heading\">Intel Core i9-12900K Twitter\u2019da payla\u015f\u0131ld\u0131<\/h2>\n\n\n\n<p>Intel Core i9-12900K ile ilgili s\u0131z\u0131nt\u0131 Twitter\u2019da yer ald\u0131. Performans \u00e7ekirdekleri, 5.2GHz&#8217;e a\u015f\u0131rt\u0131ld\u0131 ve sonu\u00e7lar Ryzen 9 5950X ile kar\u015f\u0131la\u015ft\u0131r\u0131ld\u0131. Intel&#8217;in yeni \u00e7ipi, tek i\u015f par\u00e7ac\u0131\u011f\u0131nda 851 puan almay\u0131 ba\u015fard\u0131. Ryzen 5950X ise puanlamada ancak 648&#8217;de kald\u0131. Bu da yeni modelin performans\u0131yla y\u00fczde 31 daha h\u0131zl\u0131 olaca\u011f\u0131n\u0131 ortaya \u00e7\u0131kard\u0131.<\/p>\n\n\n\n<p>\u00c7ok i\u015f par\u00e7ac\u0131kl\u0131 testlerde ise 12900K 11.987&#8217;ye ula\u015ft\u0131. Ryzen CPU bu anlamda \u015fartlar\u0131 zorlasa da 11.906&#8217;da kald\u0131. Y\u00fczde 1&#8217;den daha az bir avantaj olsa da teknik anlamda Intel Core i9-12900K \u00f6n plana \u00e7\u0131kmay\u0131 ba\u015fard\u0131. Yeni yonga seti i\u00e7in yap\u0131lan testlerde g\u00fc\u00e7 t\u00fcketimine y\u00f6nelik kapsaml\u0131 bir veri elde edilemedi. Raporda 330W olarak belirtilen g\u00fc\u00e7 t\u00fcketiminin ger\u00e7ek bir g\u00fc\u00e7 t\u00fcketimi kan\u0131t\u0131 olmayaca\u011f\u0131 vurguland\u0131. Bu nedenle yeni i\u015flemcinin y\u00fcksek performans sunarken yarataca\u011f\u0131 g\u00fc\u00e7 sarfiyat\u0131 i\u00e7in daha fazla testin yap\u0131lmas\u0131n\u0131 beklememiz gerekecek.<\/p>\n\n\n\n<p>Daha \u00f6nceki bir CPU-Z s\u0131z\u0131nt\u0131s\u0131nda, 12900K modeli beklenildi\u011fi gibi tek i\u015f par\u00e7ac\u0131\u011f\u0131nda 5950X&#8217;i kolayca yenmi\u015fti. Ancak \u00e7ok i\u015f par\u00e7ac\u0131kl\u0131 testlerde AMD yongas\u0131 y\u00fczde 3\u2019e varan bir performans sergilemi\u015fti. Bu yeni k\u0131yaslamada daha fazla veri sundu\u011fu gibi Intel\u2019in t\u00fcm alanlarda AMD\u2019yi ge\u00e7ti\u011fini net olarak g\u00f6steriyor. \u00dcstelik kar\u015f\u0131la\u015ft\u0131r\u0131lan iki i\u015flemci aras\u0131nda \u00f6nemli bir farka da de\u011finmek gerekiyor. Intel Core i9-12900K 24 i\u015f par\u00e7ac\u0131\u011f\u0131 bulunurken Ryzen 5950X\u2019te bu 32\u2019ye \u00e7\u0131k\u0131yor. Bu bak\u0131mdan Intel daha faza bir par\u00e7ac\u0131kla iyi bir performans sunarak bu alanda Intel Core i9-12900K\u2019y\u0131 \u00f6n plana \u00e7\u0131kar\u0131yor.<\/p>\n","protected":false},"excerpt":{"rendered":"<p>Teknoloji devinin \u00fczerinde \u00e7al\u0131\u015ft\u0131\u011f\u0131 Intel Core i9-12900K modeli i\u00e7in yeni bir s\u0131z\u0131nt\u0131 ya\u015fand\u0131. S\u0131z\u0131nt\u0131da \u00e7ekirdeklerinde performans\u0131n 5.2GHz\u2019e kadar ula\u015fabildi\u011fi g\u00f6r\u00fcld\u00fc. Intel\u2019in Alder Lake serisinin amiral gemisi olacak Intel Core i9-12900K modeli i\u00e7in \u00f6nemli bir s\u0131z\u0131nt\u0131 daha ya\u015fand\u0131. Ge\u00e7ti\u011fimiz g\u00fcnlerde yap\u0131lan payla\u015f\u0131mlar ile yeni i\u015flemciye dair pek \u00e7ok detay a\u00e7\u0131\u011fa \u00e7\u0131karken, bu sefer \u00fcretimi tamamlanm\u0131\u015f bir [&hellip;]<\/p>\n","protected":false},"author":6,"featured_media":4168,"comment_status":"open","ping_status":"closed","sticky":false,"template":"","format":"standard","meta":{"footnotes":""},"categories":[47],"tags":[683],"class_list":["post-4167","post","type-post","status-publish","format-standard","has-post-thumbnail","hentry","category-donanim","tag-intel-core-i9-12900k"],"_links":{"self":[{"href":"https:\/\/www.indir.com\/haber\/wp-json\/wp\/v2\/posts\/4167","targetHints":{"allow":["GET"]}}],"collection":[{"href":"https:\/\/www.indir.com\/haber\/wp-json\/wp\/v2\/posts"}],"about":[{"href":"https:\/\/www.indir.com\/haber\/wp-json\/wp\/v2\/types\/post"}],"author":[{"embeddable":true,"href":"https:\/\/www.indir.com\/haber\/wp-json\/wp\/v2\/users\/6"}],"replies":[{"embeddable":true,"href":"https:\/\/www.indir.com\/haber\/wp-json\/wp\/v2\/comments?post=4167"}],"version-history":[{"count":0,"href":"https:\/\/www.indir.com\/haber\/wp-json\/wp\/v2\/posts\/4167\/revisions"}],"wp:featuredmedia":[{"embeddable":true,"href":"https:\/\/www.indir.com\/haber\/wp-json\/wp\/v2\/media\/4168"}],"wp:attachment":[{"href":"https:\/\/www.indir.com\/haber\/wp-json\/wp\/v2\/media?parent=4167"}],"wp:term":[{"taxonomy":"category","embeddable":true,"href":"https:\/\/www.indir.com\/haber\/wp-json\/wp\/v2\/categories?post=4167"},{"taxonomy":"post_tag","embeddable":true,"href":"https:\/\/www.indir.com\/haber\/wp-json\/wp\/v2\/tags?post=4167"}],"curies":[{"name":"wp","href":"https:\/\/api.w.org\/{rel}","templated":true}]}}