{"id":41667,"date":"2023-01-24T09:30:00","date_gmt":"2023-01-24T06:30:00","guid":{"rendered":"https:\/\/www.indir.com\/haber\/?p=41667"},"modified":"2023-01-24T01:59:00","modified_gmt":"2023-01-23T22:59:00","slug":"whatsappta-gonderilen-fotograflarin-kalitesi-bozulmayacak","status":"publish","type":"post","link":"https:\/\/www.indir.com\/haber\/whatsappta-gonderilen-fotograflarin-kalitesi-bozulmayacak\/","title":{"rendered":"WhatsApp&#8217;ta g\u00f6nderilen foto\u011fraflar\u0131n kalitesi bozulmayacak"},"content":{"rendered":"\n<p>D\u00fcnyan\u0131n mesajla\u015fma platformunda en \u00e7ok kullan\u0131lan uygulamas\u0131 WhatsApp\u2019t\u0131r. Yaln\u0131zca mesajla\u015fma uygulamas\u0131 olmay\u0131p mesajla\u015fman\u0131n \u00f6tesinde hizmetler sunan ki\u015filere foto\u011fraf, video ve \u00e7\u0131kartma g\u00f6ndermek i\u00e7in de s\u0131k\u00e7a kulland\u0131\u011f\u0131m\u0131z bir uygulamad\u0131r.<\/p>\n\n\n<div class=\"wp-block-image\">\n<figure class=\"aligncenter size-full\"><img loading=\"lazy\" decoding=\"async\" width=\"1000\" height=\"667\" src=\"https:\/\/www.indir.com\/haber\/wp-content\/uploads\/2023\/01\/-3.webp\" alt=\"\" class=\"wp-image-41668\" title=\"\" srcset=\"https:\/\/www.indir.com\/haber\/wp-content\/uploads\/2023\/01\/-3.webp 1000w, https:\/\/www.indir.com\/haber\/wp-content\/uploads\/2023\/01\/-3-270x180.webp 270w, https:\/\/www.indir.com\/haber\/wp-content\/uploads\/2023\/01\/-3-768x512.webp 768w, https:\/\/www.indir.com\/haber\/wp-content\/uploads\/2023\/01\/-3-390x260.webp 390w, https:\/\/www.indir.com\/haber\/wp-content\/uploads\/2023\/01\/-3-285x190.webp 285w\" sizes=\"auto, (max-width: 1000px) 100vw, 1000px\" \/><\/figure>\n<\/div>\n\n\n<p>WhatsApp&#8217;ta g\u00f6nderdi\u011fimiz foto\u011fraflarda kar\u015f\u0131 tarafa ula\u015ft\u0131\u011f\u0131nda kalitesinde kay\u0131p ya\u015famayan neredeyse yoktur. Ancak \u015firket, bu sorunu \u00e7\u00f6zmek i\u00e7in ad\u0131m att\u0131 ve yeni bir g\u00fcncelleme \u00fczerinde \u00e7al\u0131\u015f\u0131yor. WhatsApp&#8217;ta g\u00f6nderdi\u011finiz foto\u011fraf\u0131n kalitesini s\u0131k\u0131\u015ft\u0131r\u0131r ve h\u0131zl\u0131\u00a0 dosya aktar\u0131m\u0131 yapmak amac\u0131yla g\u00f6r\u00fcnt\u00fc kalitesini varsay\u0131lan olarak hemen hemen\u00a0 y\u00fczde 70 oran\u0131nda d\u00fc\u015f\u00fcr\u00fcr. Bu nedenle g\u00f6nderdi\u011finiz foto\u011fraflar, orijinal kalitede g\u00f6nderdi\u011fimiz\u00a0 tarafa ula\u015famaz.<\/p>\n\n\n\n<p>\u00d6nceki s\u00fcr\u00fcmlerinde test edilen ve WhatsApp arac\u0131l\u0131\u011f\u0131yla g\u00f6nderilen foto\u011fraf kalitesini &#8220;otomatik&#8221;, &#8220;en iyi kalite&#8221; ve &#8220;veri tasarrufu&#8221;gibi se\u00e7eneklerle se\u00e7memize izin veren HD foto\u011fraflar \u00f6zelli\u011fi hakk\u0131nda bilgiler vard\u0131. Ne yaz\u0131k ki o \u00f6zellikte bile foto\u011fraflar yine de s\u0131k\u0131\u015ft\u0131r\u0131lm\u0131\u015f olarak g\u00f6nderiliyordu.<\/p>\n\n\n\n<p>Kullan\u0131c\u0131lar\u0131n \u00e7o\u011funlu\u011fu&nbsp; kalite kayb\u0131 ya\u015fanmad\u0131\u011f\u0131 i\u00e7in foto\u011fraflar\u0131 belge olarak g\u00f6nderiyordu. WhatsApp bu sorunu \u00e7\u00f6zmeye y\u00f6nelik ad\u0131mlar att\u0131. WhatsApp\u2019ta art\u0131k normal g\u00f6nderimlerde de foto\u011fraf kalite sorunu ya\u015fanmayacak.<\/p>\n\n\n\n<h2 class=\"wp-block-heading\">WhatsApp\u2019ta Kaliteli Foto\u011fraf Devri<\/h2>\n\n\n\n<p>WhatsApp&#8217;\u0131n geli\u015ftirme ekibinin, foto\u011fraflar\u0131 kalitelerinde kay\u0131p olmadan&nbsp; orijinal haliyle g\u00f6nderme \u00f6zelli\u011fi \u00fczerinde \u00e7al\u0131\u015ft\u0131klar\u0131 ortaya \u00e7\u0131kt\u0131.<\/p>\n\n\n\n<p>Beta s\u00fcr\u00fcm\u00fcndeki&nbsp; geli\u015ftirme ekibi WABetaInfo&#8217;ya g\u00f6re Android beta 2.23.2.11 g\u00fcncellemesiyle, art\u0131k g\u00f6rselleri herhangi bir s\u0131k\u0131\u015ft\u0131rma yapmadan orijinal haliyle g\u00f6ndermek m\u00fcmk\u00fcn olacak.<\/p>\n\n\n\n<p>\u015eirket, uzun bir s\u00fcredir beklenen bu \u00f6zelli\u011fin testlerinin hen\u00fcz tamamlanmad\u0131\u011f\u0131 i\u00e7in yeni \u00f6zelli\u011fin WhatsApp kullan\u0131c\u0131lar\u0131na ne zaman sunulaca\u011f\u0131 hen\u00fcz belli de\u011fil. Foto\u011fraf g\u00f6nderimi s\u0131ras\u0131nda kalitesinin d\u00fc\u015fmesinden olduk\u00e7a \u015fikayet\u00e7i olan&nbsp; WhatsApp kullan\u0131c\u0131lar\u0131n\u0131n bu \u00f6zelli\u011fi \u00e7ok sevece\u011fi \u015fimdiden belli.<\/p>\n","protected":false},"excerpt":{"rendered":"<p>D\u00fcnyan\u0131n mesajla\u015fma platformunda en \u00e7ok kullan\u0131lan uygulamas\u0131 WhatsApp\u2019t\u0131r. Yaln\u0131zca mesajla\u015fma uygulamas\u0131 olmay\u0131p mesajla\u015fman\u0131n \u00f6tesinde hizmetler sunan ki\u015filere foto\u011fraf, video ve \u00e7\u0131kartma g\u00f6ndermek i\u00e7in de s\u0131k\u00e7a kulland\u0131\u011f\u0131m\u0131z bir uygulamad\u0131r. WhatsApp&#8217;ta g\u00f6nderdi\u011fimiz foto\u011fraflarda kar\u015f\u0131 tarafa ula\u015ft\u0131\u011f\u0131nda kalitesinde kay\u0131p ya\u015famayan neredeyse yoktur. Ancak \u015firket, bu sorunu \u00e7\u00f6zmek i\u00e7in ad\u0131m att\u0131 ve yeni bir g\u00fcncelleme \u00fczerinde \u00e7al\u0131\u015f\u0131yor. WhatsApp&#8217;ta g\u00f6nderdi\u011finiz [&hellip;]<\/p>\n","protected":false},"author":8,"featured_media":41669,"comment_status":"open","ping_status":"closed","sticky":false,"template":"","format":"standard","meta":{"footnotes":""},"categories":[54],"tags":[62],"class_list":["post-41667","post","type-post","status-publish","format-standard","has-post-thumbnail","hentry","category-internet","tag-whatsapp"],"_links":{"self":[{"href":"https:\/\/www.indir.com\/haber\/wp-json\/wp\/v2\/posts\/41667","targetHints":{"allow":["GET"]}}],"collection":[{"href":"https:\/\/www.indir.com\/haber\/wp-json\/wp\/v2\/posts"}],"about":[{"href":"https:\/\/www.indir.com\/haber\/wp-json\/wp\/v2\/types\/post"}],"author":[{"embeddable":true,"href":"https:\/\/www.indir.com\/haber\/wp-json\/wp\/v2\/users\/8"}],"replies":[{"embeddable":true,"href":"https:\/\/www.indir.com\/haber\/wp-json\/wp\/v2\/comments?post=41667"}],"version-history":[{"count":0,"href":"https:\/\/www.indir.com\/haber\/wp-json\/wp\/v2\/posts\/41667\/revisions"}],"wp:featuredmedia":[{"embeddable":true,"href":"https:\/\/www.indir.com\/haber\/wp-json\/wp\/v2\/media\/41669"}],"wp:attachment":[{"href":"https:\/\/www.indir.com\/haber\/wp-json\/wp\/v2\/media?parent=41667"}],"wp:term":[{"taxonomy":"category","embeddable":true,"href":"https:\/\/www.indir.com\/haber\/wp-json\/wp\/v2\/categories?post=41667"},{"taxonomy":"post_tag","embeddable":true,"href":"https:\/\/www.indir.com\/haber\/wp-json\/wp\/v2\/tags?post=41667"}],"curies":[{"name":"wp","href":"https:\/\/api.w.org\/{rel}","templated":true}]}}