{"id":41581,"date":"2023-01-20T11:30:00","date_gmt":"2023-01-20T08:30:00","guid":{"rendered":"https:\/\/www.indir.com\/haber\/?p=41581"},"modified":"2023-01-20T10:49:10","modified_gmt":"2023-01-20T07:49:10","slug":"instagrama-sessiz-mod-ozelligi-geldi","status":"publish","type":"post","link":"https:\/\/www.indir.com\/haber\/instagrama-sessiz-mod-ozelligi-geldi\/","title":{"rendered":"Instagram&#8217;a sessiz mod \u00f6zelli\u011fi geldi"},"content":{"rendered":"\n<p>D\u00fcnyan\u0131n en pop\u00fcler \u00e7evrim i\u00e7i sosyal medya uygulamas\u0131 Instagram i\u00e7in yepyeni \u00f6zellikler gelmeye devam ediyor. Kullan\u0131c\u0131 deneyimini daha iyiye ula\u015ft\u0131rmay\u0131 hedefleyen ve g\u00fcvenli\u011fi artt\u0131rmaya \u00f6nem veren Meta&#8217;dan son dakika sessiz mod \u00f6zelli\u011fini duyurdu, bu \u00f6zellik sayesinde uygulama kullan\u0131m\u0131na istedi\u011fimiz zaman ara verebilece\u011fiz.\u00a0<\/p>\n\n\n<div class=\"wp-block-image\">\n<figure class=\"aligncenter size-large\"><img loading=\"lazy\" decoding=\"async\" width=\"1600\" height=\"874\" src=\"https:\/\/www.indir.com\/haber\/wp-content\/uploads\/2023\/01\/instagrama-sessiz-mod-ozelligi-geldi-1600x874.jpeg\" alt=\"\" class=\"wp-image-41587\" title=\"\" srcset=\"https:\/\/www.indir.com\/haber\/wp-content\/uploads\/2023\/01\/instagrama-sessiz-mod-ozelligi-geldi-1600x874.jpeg 1600w, https:\/\/www.indir.com\/haber\/wp-content\/uploads\/2023\/01\/instagrama-sessiz-mod-ozelligi-geldi-300x164.jpeg 300w, https:\/\/www.indir.com\/haber\/wp-content\/uploads\/2023\/01\/instagrama-sessiz-mod-ozelligi-geldi-768x419.jpeg 768w, https:\/\/www.indir.com\/haber\/wp-content\/uploads\/2023\/01\/instagrama-sessiz-mod-ozelligi-geldi-1536x839.jpeg 1536w, https:\/\/www.indir.com\/haber\/wp-content\/uploads\/2023\/01\/instagrama-sessiz-mod-ozelligi-geldi-2048x1118.jpeg 2048w\" sizes=\"auto, (max-width: 1600px) 100vw, 1600px\" \/><\/figure>\n<\/div>\n\n\n<h2 class=\"wp-block-heading\">Instagram yeni g\u00fcncellemesi ile kar\u015f\u0131m\u0131zda<\/h2>\n\n\n\n<p>Yeni g\u00fcncelleme sayesinde kullan\u0131c\u0131lar hesaplar\u0131 sessize alarak gelen t\u00fcm\u00a0 bildirimlerini susturabilecek ve DM\u2019den mesajlara otomatik geri d\u00f6n\u00fc\u015f bildirisi yap\u0131larak uygulamada aktif olmad\u0131\u011f\u0131n\u0131z\u0131 arkada\u015flar\u0131n\u0131za bildirebilecek. <\/p>\n\n\n\n<p>Payla\u015f\u0131lan deneyimlere bak\u0131ld\u0131\u011f\u0131nda sessiz moda ge\u00e7en kullan\u0131c\u0131lar profilinde ibarelere yer verecek ve modun ne kadar s\u00fcre boyunca kapal\u0131 kalaca\u011f\u0131n\u0131 zamanlay\u0131c\u0131 sayesinde ayarlayabilece\u011fiz, mod kendini bu sayede otomatik olarak aktifle\u015ftirecektir.\u00a0<\/p>\n\n\n\n<p>Olduk\u00e7a ba\u015far\u0131l\u0131 olabilece\u011fi d\u00fc\u015f\u00fcn\u00fclen bu \u00f6zellik sayesinde \u00e7al\u0131\u015fma s\u00fcresi boyunca, trafikte ve okulda dersler s\u0131ras\u0131nda kapatabilir t\u00fcm oda\u011f\u0131m\u0131z\u0131 yapt\u0131\u011f\u0131m\u0131z i\u015fe verebiliriz&nbsp; ve bu \u00f6zellik kapat\u0131ld\u0131\u011f\u0131nda ise ka\u00e7\u0131r\u0131lan t\u00fcm bildirimler geri al\u0131nabilecektir.&nbsp;<\/p>\n\n\n\n<p>Yeni s\u00fcr\u00fcm Amerika Birle\u015fik Devletleri, Birle\u015fik Krall\u0131k, \u0130rlanda, Kanada, Avustralya ve Yeni Zelanda\u2019da aktifle\u015ftirildi. \u015eimdilik <strong>T\u00fcrkiye\u2019ye<\/strong> ne zaman gelece\u011fine dair bir bildiri yay\u0131nlanmad\u0131. Kullan\u0131c\u0131lar yeni \u00f6zelli\u011fin gelmesini sab\u0131rs\u0131zl\u0131kla beklemekte.\u00a0 Sizler bu hakk\u0131nda ne d\u00fc\u015f\u00fcn\u00fcyorsunuz?<\/p>\n","protected":false},"excerpt":{"rendered":"<p>D\u00fcnyan\u0131n en pop\u00fcler \u00e7evrim i\u00e7i sosyal medya uygulamas\u0131 Instagram i\u00e7in yepyeni \u00f6zellikler gelmeye devam ediyor. Kullan\u0131c\u0131 deneyimini daha iyiye ula\u015ft\u0131rmay\u0131 hedefleyen ve g\u00fcvenli\u011fi artt\u0131rmaya \u00f6nem veren Meta&#8217;dan son dakika sessiz mod \u00f6zelli\u011fini duyurdu, bu \u00f6zellik sayesinde uygulama kullan\u0131m\u0131na istedi\u011fimiz zaman ara verebilece\u011fiz.\u00a0 Instagram yeni g\u00fcncellemesi ile kar\u015f\u0131m\u0131zda Yeni g\u00fcncelleme sayesinde kullan\u0131c\u0131lar hesaplar\u0131 sessize alarak gelen [&hellip;]<\/p>\n","protected":false},"author":8,"featured_media":41583,"comment_status":"open","ping_status":"","sticky":false,"template":"","format":"standard","meta":{"footnotes":""},"categories":[54],"tags":[113],"class_list":["post-41581","post","type-post","status-publish","format-standard","has-post-thumbnail","hentry","category-internet","tag-instagram"],"_links":{"self":[{"href":"https:\/\/www.indir.com\/haber\/wp-json\/wp\/v2\/posts\/41581","targetHints":{"allow":["GET"]}}],"collection":[{"href":"https:\/\/www.indir.com\/haber\/wp-json\/wp\/v2\/posts"}],"about":[{"href":"https:\/\/www.indir.com\/haber\/wp-json\/wp\/v2\/types\/post"}],"author":[{"embeddable":true,"href":"https:\/\/www.indir.com\/haber\/wp-json\/wp\/v2\/users\/8"}],"replies":[{"embeddable":true,"href":"https:\/\/www.indir.com\/haber\/wp-json\/wp\/v2\/comments?post=41581"}],"version-history":[{"count":0,"href":"https:\/\/www.indir.com\/haber\/wp-json\/wp\/v2\/posts\/41581\/revisions"}],"wp:featuredmedia":[{"embeddable":true,"href":"https:\/\/www.indir.com\/haber\/wp-json\/wp\/v2\/media\/41583"}],"wp:attachment":[{"href":"https:\/\/www.indir.com\/haber\/wp-json\/wp\/v2\/media?parent=41581"}],"wp:term":[{"taxonomy":"category","embeddable":true,"href":"https:\/\/www.indir.com\/haber\/wp-json\/wp\/v2\/categories?post=41581"},{"taxonomy":"post_tag","embeddable":true,"href":"https:\/\/www.indir.com\/haber\/wp-json\/wp\/v2\/tags?post=41581"}],"curies":[{"name":"wp","href":"https:\/\/api.w.org\/{rel}","templated":true}]}}