{"id":37865,"date":"2022-10-28T14:00:33","date_gmt":"2022-10-28T11:00:33","guid":{"rendered":"https:\/\/www.indir.com\/haber\/?p=37865"},"modified":"2022-10-28T14:00:35","modified_gmt":"2022-10-28T11:00:35","slug":"instagram-masaustu-arayuzu-degisti","status":"publish","type":"post","link":"https:\/\/www.indir.com\/haber\/instagram-masaustu-arayuzu-degisti\/","title":{"rendered":"Instagram masa\u00fcst\u00fc aray\u00fcz\u00fc de\u011fi\u015fti!"},"content":{"rendered":"\n<p>Instagram\u2019a giri\u015f yapan kullan\u0131c\u0131lar bir s\u00fcrprizle kar\u015f\u0131la\u015ft\u0131. Instagram, masa\u00fcst\u00fc s\u00fcr\u00fcmde de\u011fi\u015fikli\u011fe gitti. Men\u00fclerin yeri de\u011fi\u015firken pek \u00e7ok kullan\u0131c\u0131 yenili\u011fe al\u0131\u015famad\u0131.<\/p>\n\n\n\n<p>Meta&#8217;ya ait Instagram, masa\u00fcst\u00fc kullan\u0131c\u0131lar\u0131 i\u00e7in yeni bir aray\u00fcz\u00fc sunmaya ba\u015flad\u0131. Yeni tasar\u0131mda Instagram alan\u0131 genel olarak ikiye ayr\u0131l\u0131yor. \u00c7o\u011fu kullan\u0131c\u0131n\u0131n ilk g\u00f6r\u00fc\u015fte garipsedi\u011fi tasar\u0131m, bundan sonraki s\u00fcre\u00e7te Instagram\u2019\u0131n ana y\u00fcz\u00fc olacak.<\/p>\n\n\n\n<p><a href=\"https:\/\/www.indir.com\/haber\/instagramin-kullanici-sayisi-aciklandi\/\">Instagram\u2019\u0131n kullan\u0131c\u0131 say\u0131s\u0131 a\u00e7\u0131kland\u0131<\/a><\/p>\n\n\n\n<h2 class=\"wp-block-heading\">\u0130\u015fte Instagram masa\u00fcst\u00fc aray\u00fcz\u00fcndeki de\u011fi\u015fiklikler<\/h2>\n\n\n\n<p>Ekran\u0131n sol taraf\u0131na al\u0131nan men\u00fcde; arama, ke\u015ffetme, mesajlar, bildirimler, kullan\u0131c\u0131 profili ve di\u011fer simgeler ve se\u00e7eneklere yer verilmi\u015f. &nbsp;Dikey olarak listelenen bu simgeler \u00f6nceki tasar\u0131ma g\u00f6re farkl\u0131 bir g\u00f6r\u00fcn\u00fcm sa\u011fl\u0131yor.<\/p>\n\n\n\n<p>Ekran\u0131n sa\u011f taraf\u0131nda ise en \u00fcstte yatay olarak hikayelere yer verilmi\u015f. Hikaye b\u00f6l\u00fcm\u00fcn\u00fcn alt\u0131nda ise standart olarak g\u00f6nderiler yer alacak.<\/p>\n\n\n\n<p>Instagram\u2019\u0131n kullan\u0131ma sunuldu\u011fu ilk g\u00fcnlere g\u00f6re b\u00fcy\u00fck bir geli\u015fme kaydetti\u011fini s\u00f6ylemek m\u00fcmk\u00fcn. Bug\u00fcn hikayeler, Reels gibi yeni b\u00f6l\u00fcmlerle ile mobil ve masa\u00fcst\u00fcnde pek \u00e7ok alan kullan\u0131c\u0131lara daha iyi bir sosyal a\u011f deneyimi sunuyor. \u00dcstelik yeni getirilen \u00f6zellikler ile kullan\u0131c\u0131lar\u0131n do\u011frudan masa\u00fcst\u00fcnden foto\u011fraf ve video g\u00f6ndermesi m\u00fcmk\u00fcn.<\/p>\n\n\n\n<p>\u0130\u015fte Instagram\u2019\u0131n yeni masa\u00fcst\u00fc g\u00f6r\u00fcn\u00fcm\u00fc;<\/p>\n\n\n\n<figure class=\"wp-block-image size-large\"><img loading=\"lazy\" decoding=\"async\" width=\"1600\" height=\"824\" src=\"https:\/\/www.indir.com\/haber\/wp-content\/uploads\/2022\/10\/-8-1600x824.png\" alt=\"\" class=\"wp-image-37866\" title=\"\" srcset=\"https:\/\/www.indir.com\/haber\/wp-content\/uploads\/2022\/10\/-8-1600x824.png 1600w, https:\/\/www.indir.com\/haber\/wp-content\/uploads\/2022\/10\/-8-300x155.png 300w, https:\/\/www.indir.com\/haber\/wp-content\/uploads\/2022\/10\/-8-768x396.png 768w, https:\/\/www.indir.com\/haber\/wp-content\/uploads\/2022\/10\/-8-1536x791.png 1536w, https:\/\/www.indir.com\/haber\/wp-content\/uploads\/2022\/10\/-8.png 1603w\" sizes=\"auto, (max-width: 1600px) 100vw, 1600px\" \/><\/figure>\n\n\n\n<h2 class=\"wp-block-heading\">Instagram mobil de de\u011fi\u015fecek<\/h2>\n\n\n\n<p>Masa\u00fcst\u00fcn\u00fcn yan\u0131 s\u0131ra mobilde de kullan\u0131c\u0131lar\u0131 yenilikler bekliyor. Bu konuyla ilgili ilk payla\u015f\u0131mlar ise \u015f\u00f6yle;<\/p>\n\n\n<p><blockquote class=\"twitter-tweet\" data-width=\"550\" data-dnt=\"true\"><p lang=\"en\" dir=\"ltr\">\ud83d\udce3 Testing Feed Changes \ud83d\udce3<br><br>We\u2019re testing a new, immersive viewing experience in the main Home feed. <br><br>If you\u2019re in the test, check it out and let me know what you think. \ud83d\udc47\ud83c\udffc <a href=\"https:\/\/t.co\/dmM5RzpicQ\">pic.twitter.com\/dmM5RzpicQ<\/a><\/p>&mdash; Adam Mosseri (@mosseri) <a href=\"https:\/\/twitter.com\/mosseri\/status\/1521589403671355392?ref_src=twsrc%5Etfw\" target=\"_blank\" rel=\"noopener\">May 3, 2022<\/a><\/blockquote><script async src=\"https:\/\/platform.twitter.com\/widgets.js\" charset=\"utf-8\"><\/script><\/p>\n\n\n<p>iOS i\u00e7in <a href=\"https:\/\/instagram.indir.com\/iphone\" target=\"_blank\" rel=\"noopener\">Instagram indir<\/a><\/p>\n\n\n\n<p>Android i\u00e7in <a href=\"https:\/\/instagram.indir.com\/android\" target=\"_blank\" rel=\"noopener\">Instagram indir<\/a><\/p>\n","protected":false},"excerpt":{"rendered":"<p>Instagram\u2019a giri\u015f yapan kullan\u0131c\u0131lar bir s\u00fcrprizle kar\u015f\u0131la\u015ft\u0131. Instagram, masa\u00fcst\u00fc s\u00fcr\u00fcmde de\u011fi\u015fikli\u011fe gitti. Men\u00fclerin yeri de\u011fi\u015firken pek \u00e7ok kullan\u0131c\u0131 yenili\u011fe al\u0131\u015famad\u0131. Meta&#8217;ya ait Instagram, masa\u00fcst\u00fc kullan\u0131c\u0131lar\u0131 i\u00e7in yeni bir aray\u00fcz\u00fc sunmaya ba\u015flad\u0131. Yeni tasar\u0131mda Instagram alan\u0131 genel olarak ikiye ayr\u0131l\u0131yor. \u00c7o\u011fu kullan\u0131c\u0131n\u0131n ilk g\u00f6r\u00fc\u015fte garipsedi\u011fi tasar\u0131m, bundan sonraki s\u00fcre\u00e7te Instagram\u2019\u0131n ana y\u00fcz\u00fc olacak. Instagram\u2019\u0131n kullan\u0131c\u0131 say\u0131s\u0131 [&hellip;]<\/p>\n","protected":false},"author":6,"featured_media":37868,"comment_status":"open","ping_status":"closed","sticky":false,"template":"","format":"standard","meta":{"footnotes":""},"categories":[54],"tags":[113],"class_list":["post-37865","post","type-post","status-publish","format-standard","has-post-thumbnail","hentry","category-internet","tag-instagram"],"_links":{"self":[{"href":"https:\/\/www.indir.com\/haber\/wp-json\/wp\/v2\/posts\/37865","targetHints":{"allow":["GET"]}}],"collection":[{"href":"https:\/\/www.indir.com\/haber\/wp-json\/wp\/v2\/posts"}],"about":[{"href":"https:\/\/www.indir.com\/haber\/wp-json\/wp\/v2\/types\/post"}],"author":[{"embeddable":true,"href":"https:\/\/www.indir.com\/haber\/wp-json\/wp\/v2\/users\/6"}],"replies":[{"embeddable":true,"href":"https:\/\/www.indir.com\/haber\/wp-json\/wp\/v2\/comments?post=37865"}],"version-history":[{"count":0,"href":"https:\/\/www.indir.com\/haber\/wp-json\/wp\/v2\/posts\/37865\/revisions"}],"wp:featuredmedia":[{"embeddable":true,"href":"https:\/\/www.indir.com\/haber\/wp-json\/wp\/v2\/media\/37868"}],"wp:attachment":[{"href":"https:\/\/www.indir.com\/haber\/wp-json\/wp\/v2\/media?parent=37865"}],"wp:term":[{"taxonomy":"category","embeddable":true,"href":"https:\/\/www.indir.com\/haber\/wp-json\/wp\/v2\/categories?post=37865"},{"taxonomy":"post_tag","embeddable":true,"href":"https:\/\/www.indir.com\/haber\/wp-json\/wp\/v2\/tags?post=37865"}],"curies":[{"name":"wp","href":"https:\/\/api.w.org\/{rel}","templated":true}]}}