{"id":37691,"date":"2022-10-26T17:20:00","date_gmt":"2022-10-26T14:20:00","guid":{"rendered":"https:\/\/www.indir.com\/haber\/?p=37691"},"modified":"2022-10-26T15:30:10","modified_gmt":"2022-10-26T12:30:10","slug":"motorolanin-yeni-katlanabilir-telefonu-cok-yakinda-tanitilacak","status":"publish","type":"post","link":"https:\/\/www.indir.com\/haber\/motorolanin-yeni-katlanabilir-telefonu-cok-yakinda-tanitilacak\/","title":{"rendered":"Motorola&#8217;n\u0131n yeni katlanabilir telefonu \u00e7ok yak\u0131nda tan\u0131t\u0131lacak"},"content":{"rendered":"\n<p>Motorola&#8217;n\u0131n en yeni katlanabilir ak\u0131ll\u0131 telefonunu piyasaya s\u00fcrmesine bir haftadan az bir s\u00fcre kald\u0131. Bununla birlikte, OEM&#8217;in yakla\u015fmakta olan Razr&#8217;\u0131n ger\u00e7ekten \u00fcst d\u00fczey bir Qualcomm i\u015flemcisini kullanac\u011f\u0131n\u0131 a\u00e7\u0131klamak i\u00e7in o zamana kadar bekleyemedi\u011fi g\u00f6r\u00fcl\u00fcyor. Bir y\u00f6netici, pil kapasitesinin tipik ak\u0131ll\u0131 telefon seviyelerinin alt\u0131na d\u00fc\u015fmesine ra\u011fmen, yeni kapakl\u0131 ana ekran\u0131 t\u00fcm g\u00fcn a\u00e7\u0131k tutmak i\u00e7in yeterli olaca\u011f\u0131 konusunda \u0131srar ediyor. OEM, Razr 2022&#8217;nin, yeni harici ekran\u0131yla \u00e7ift dairesel oyuklara sahip b\u00fcy\u00fct\u00fclm\u00fc\u015f bir kamera t\u00fcmse\u011fine sahip olaca\u011f\u0131 i\u00e7in, 5G selefine g\u00f6re bir y\u00fckseltme olaca\u011f\u0131n\u0131 ima etti.<\/p>\n\n\n\n<p><a href=\"https:\/\/www.indir.com\/haber\/motorola-katlanabilir-telefon-konsepti-uzuyor\/\" target=\"_blank\" rel=\"noreferrer noopener\">Motorola katlanabilir telefon konsepti uzuyor<\/a><\/p>\n\n\n\n<h2 class=\"wp-block-heading\">Motorola Razr 2022&#8217;nin batarya durumu<\/h2>\n\n\n\n<p>Bu, bir\u00e7ok Razr hayran\u0131 i\u00e7in harika bir haber olabilir ancak 3.000 mAh&#8217;den d\u00fc\u015f\u00fck bir pilin tutulmas\u0131na i\u015faret eden s\u0131z\u0131nt\u0131lar hala endi\u015fe kayna\u011f\u0131 olabilir. Bununla birlikte, Motorola \u00c7in&#8217;in genel m\u00fcd\u00fcr\u00fc ve \u00e7o\u011fu zaman savunucusu Chen Jin, Razr 2022&#8217;nin asl\u0131nda bundan daha b\u00fcy\u00fck bir pile sahip olaca\u011f\u0131n\u0131 belirterek &#8211; 3.500 mAh boyutunda &#8211; s\u00f6ylentileri yalanlad\u0131.<\/p>\n","protected":false},"excerpt":{"rendered":"<p>Motorola&#8217;n\u0131n en yeni katlanabilir ak\u0131ll\u0131 telefonunu piyasaya s\u00fcrmesine bir haftadan az bir s\u00fcre kald\u0131. Bununla birlikte, OEM&#8217;in yakla\u015fmakta olan Razr&#8217;\u0131n ger\u00e7ekten \u00fcst d\u00fczey bir Qualcomm i\u015flemcisini kullanac\u011f\u0131n\u0131 a\u00e7\u0131klamak i\u00e7in o zamana kadar bekleyemedi\u011fi g\u00f6r\u00fcl\u00fcyor. Bir y\u00f6netici, pil kapasitesinin tipik ak\u0131ll\u0131 telefon seviyelerinin alt\u0131na d\u00fc\u015fmesine ra\u011fmen, yeni kapakl\u0131 ana ekran\u0131 t\u00fcm g\u00fcn a\u00e7\u0131k tutmak i\u00e7in yeterli [&hellip;]<\/p>\n","protected":false},"author":24,"featured_media":37699,"comment_status":"open","ping_status":"closed","sticky":false,"template":"","format":"standard","meta":{"footnotes":""},"categories":[46],"tags":[220],"class_list":["post-37691","post","type-post","status-publish","format-standard","has-post-thumbnail","hentry","category-mobil","tag-motorola"],"_links":{"self":[{"href":"https:\/\/www.indir.com\/haber\/wp-json\/wp\/v2\/posts\/37691","targetHints":{"allow":["GET"]}}],"collection":[{"href":"https:\/\/www.indir.com\/haber\/wp-json\/wp\/v2\/posts"}],"about":[{"href":"https:\/\/www.indir.com\/haber\/wp-json\/wp\/v2\/types\/post"}],"author":[{"embeddable":true,"href":"https:\/\/www.indir.com\/haber\/wp-json\/wp\/v2\/users\/24"}],"replies":[{"embeddable":true,"href":"https:\/\/www.indir.com\/haber\/wp-json\/wp\/v2\/comments?post=37691"}],"version-history":[{"count":0,"href":"https:\/\/www.indir.com\/haber\/wp-json\/wp\/v2\/posts\/37691\/revisions"}],"wp:featuredmedia":[{"embeddable":true,"href":"https:\/\/www.indir.com\/haber\/wp-json\/wp\/v2\/media\/37699"}],"wp:attachment":[{"href":"https:\/\/www.indir.com\/haber\/wp-json\/wp\/v2\/media?parent=37691"}],"wp:term":[{"taxonomy":"category","embeddable":true,"href":"https:\/\/www.indir.com\/haber\/wp-json\/wp\/v2\/categories?post=37691"},{"taxonomy":"post_tag","embeddable":true,"href":"https:\/\/www.indir.com\/haber\/wp-json\/wp\/v2\/tags?post=37691"}],"curies":[{"name":"wp","href":"https:\/\/api.w.org\/{rel}","templated":true}]}}