{"id":37058,"date":"2022-10-18T14:50:00","date_gmt":"2022-10-18T11:50:00","guid":{"rendered":"https:\/\/www.indir.com\/haber\/?p=37058"},"modified":"2022-10-18T14:39:20","modified_gmt":"2022-10-18T11:39:20","slug":"motorola-katlanabilir-telefon-konsepti-uzuyor","status":"publish","type":"post","link":"https:\/\/www.indir.com\/haber\/motorola-katlanabilir-telefon-konsepti-uzuyor\/","title":{"rendered":"Motorola katlanabilir telefon konsepti uzuyor"},"content":{"rendered":"\n<p><a href=\"https:\/\/www.indir.com\/haber\/etiket\/motorola\/\">Motorola <\/a>katlanabilir telefon konseptinde olduk\u00e7a farkl\u0131 bir \u00e7al\u0131\u015fma ger\u00e7ekle\u015ftirilmi\u015f. Telefon katlanmak yerine uzuyor ve k\u0131sal\u0131yor.<\/p>\n\n\n\n<p>Katlanabilir telefonlara y\u00f6nelik bug\u00fcne kadar pek \u00e7ok farkl\u0131 konsept \u00e7al\u0131\u015fmas\u0131 yap\u0131ld\u0131. Samsung gibi sekt\u00f6r devleri yeni modelleri piyasaya s\u00fcrerken Motorola farkl\u0131 bir \u00e7al\u0131\u015fmas\u0131 ile g\u00fcndemde.<\/p>\n\n\n\n<h2 class=\"wp-block-heading\">Motorola katlanabilir telefon b\u00f6yle g\u00f6r\u00fcld\u00fc<\/h2>\n\n\n\n<figure class=\"wp-block-video\"><video autoplay controls src=\"https:\/\/www.indir.com\/haber\/wp-content\/uploads\/2022\/10\/motorola-katlanabilir-telefon-konsepti-uzuyor-1.mp4\"><\/video><figcaption>Motorola katlanabilir telefon konsepti<\/figcaption><\/figure>\n\n\n\n<p>Lenovo&#8217;nun Tech World 22 sanal etkinli\u011finde sergilenen konsept cihaz, \u00e7ok kompakt bir ak\u0131ll\u0131 telefon. Ancak bir fark\u0131 var. Telefon hemen hemen ayn\u0131 boyutta bir telefona eviriliyor ve geni\u015fliyor. &nbsp;Lenovo taraf\u0131ndan yay\u0131nlanan bir videoda, YouTube videosu gibi i\u00e7erikler dinamik olarak telefonun boyutuna uyum sa\u011fl\u0131yor ve kullan\u0131c\u0131 bu a\u015famada hi\u00e7bir fark hissetmiyor.<\/p>\n\n\n\n<p>Lenovo, Motorola ile yapaca\u011f\u0131 yeni ad\u0131mda Razr tarz\u0131 bir katlanma prensibini benimsiyor g\u00f6r\u00fcn\u00fcyor. Videonun sonlar\u0131na do\u011fru Lenovo, yuvarlanabilir ekrana sahip bir diz\u00fcst\u00fc bilgisayar\u0131 da g\u00f6r\u00fcc\u00fcye \u00e7\u0131kard\u0131. Etkileyici yeni fikirleri ile dikkat \u00e7eken Lenovo ve Motorola\u2019n\u0131n cihazlar piyasaya sunup sunmayaca\u011f\u0131 bilinmiyor. Videoda, Lenovo Ak\u0131ll\u0131 Cihazlar Grubu Ba\u015fkan\u0131 Luca Rossi taraf\u0131ndan yap\u0131lan a\u00e7\u0131klamalarda ise &#8220;Form fakt\u00f6r\u00fc inovasyonunun \u00e7ok dinamik bir alan oldu\u011funa inan\u0131yorum. Lenovo&#8217;nun yeniliklerini burada g\u00f6rmeye devam edeceksiniz&#8221; denildi.<\/p>\n","protected":false},"excerpt":{"rendered":"<p>Motorola katlanabilir telefon konseptinde olduk\u00e7a farkl\u0131 bir \u00e7al\u0131\u015fma ger\u00e7ekle\u015ftirilmi\u015f. Telefon katlanmak yerine uzuyor ve k\u0131sal\u0131yor. Katlanabilir telefonlara y\u00f6nelik bug\u00fcne kadar pek \u00e7ok farkl\u0131 konsept \u00e7al\u0131\u015fmas\u0131 yap\u0131ld\u0131. Samsung gibi sekt\u00f6r devleri yeni modelleri piyasaya s\u00fcrerken Motorola farkl\u0131 bir \u00e7al\u0131\u015fmas\u0131 ile g\u00fcndemde. Motorola katlanabilir telefon b\u00f6yle g\u00f6r\u00fcld\u00fc Lenovo&#8217;nun Tech World 22 sanal etkinli\u011finde sergilenen konsept cihaz, \u00e7ok [&hellip;]<\/p>\n","protected":false},"author":6,"featured_media":37059,"comment_status":"open","ping_status":"closed","sticky":false,"template":"","format":"standard","meta":{"footnotes":""},"categories":[46],"tags":[],"class_list":["post-37058","post","type-post","status-publish","format-standard","has-post-thumbnail","hentry","category-mobil"],"_links":{"self":[{"href":"https:\/\/www.indir.com\/haber\/wp-json\/wp\/v2\/posts\/37058","targetHints":{"allow":["GET"]}}],"collection":[{"href":"https:\/\/www.indir.com\/haber\/wp-json\/wp\/v2\/posts"}],"about":[{"href":"https:\/\/www.indir.com\/haber\/wp-json\/wp\/v2\/types\/post"}],"author":[{"embeddable":true,"href":"https:\/\/www.indir.com\/haber\/wp-json\/wp\/v2\/users\/6"}],"replies":[{"embeddable":true,"href":"https:\/\/www.indir.com\/haber\/wp-json\/wp\/v2\/comments?post=37058"}],"version-history":[{"count":0,"href":"https:\/\/www.indir.com\/haber\/wp-json\/wp\/v2\/posts\/37058\/revisions"}],"wp:featuredmedia":[{"embeddable":true,"href":"https:\/\/www.indir.com\/haber\/wp-json\/wp\/v2\/media\/37059"}],"wp:attachment":[{"href":"https:\/\/www.indir.com\/haber\/wp-json\/wp\/v2\/media?parent=37058"}],"wp:term":[{"taxonomy":"category","embeddable":true,"href":"https:\/\/www.indir.com\/haber\/wp-json\/wp\/v2\/categories?post=37058"},{"taxonomy":"post_tag","embeddable":true,"href":"https:\/\/www.indir.com\/haber\/wp-json\/wp\/v2\/tags?post=37058"}],"curies":[{"name":"wp","href":"https:\/\/api.w.org\/{rel}","templated":true}]}}