{"id":36809,"date":"2022-10-13T16:30:00","date_gmt":"2022-10-13T13:30:00","guid":{"rendered":"https:\/\/www.indir.com\/haber\/?p=36809"},"modified":"2022-10-13T14:58:29","modified_gmt":"2022-10-13T11:58:29","slug":"xiaomi-bulut-fotograf-yedekleme-hizmetini-kapatiyor","status":"publish","type":"post","link":"https:\/\/www.indir.com\/haber\/xiaomi-bulut-fotograf-yedekleme-hizmetini-kapatiyor\/","title":{"rendered":"Xiaomi, bulut foto\u011fraf yedekleme hizmetini kapat\u0131yor"},"content":{"rendered":"\n<p>Xiaomi\u2019nin kullan\u0131c\u0131lara sundu\u011fu bulut foto\u011fraf yedekleme hizmeti kapat\u0131lacak. \u015eirket, deste\u011fin kesilece\u011fini resmi olarak duyurdu.<\/p>\n\n\n\n<p>Android i\u015fletim sistemlerinde bulut foto\u011fraf yedekleme hizmeti olarak en \u00e7ok tercih edilen Google Foto\u011fraflar. Ancak bu alandaki tek oyuncu Google de\u011fil. Zira OneDrive, Dropbox ve Xiaomi gibi pek \u00e7ok \u015firketin uygulamas\u0131 bulunuyor. Xiaomi Cloud ad\u0131yla kullan\u0131c\u0131lara bu alanda hizmet veren Xiaomi, kendi \u00fcr\u00fcnlerini alan kullan\u0131c\u0131lara 5 GB \u00fccretsiz depolama alan\u0131 sunuyordu. Ancak gelen haberler bu deste\u011fin sona erece\u011fini g\u00f6steriyor.<\/p>\n\n\n\n<p><a href=\"https:\/\/www.indir.com\/haber\/xiaominin-redmi-k60in-ozellikleri-ortaya-cikti\/\">Xiaomi\u2019nin Redmi K60\u2019\u0131n \u00f6zellikleri ortaya \u00e7\u0131kt\u0131<\/a><\/p>\n\n\n\n<h2 class=\"wp-block-heading\">Xiaomi Cloud kapat\u0131l\u0131yor<\/h2>\n\n\n\n<p>MIUI toplulu\u011funda ya\u015fanan son geli\u015fmelerde Xiaomi Cloud sistemi i\u00e7in deste\u011fin kesilece\u011fi belirtildi. Ancak bu konuda veri kayb\u0131n\u0131n da \u00f6n\u00fcne ge\u00e7ilmesi isteniyor. Bu nedenle Google Foto\u011fraflar i\u00e7in ortak bir \u00e7al\u0131\u015fma s\u00fcrd\u00fcrecek olan Xiaomi, kullan\u0131c\u0131lar\u0131n bulut i\u00e7eriklerini ta\u015f\u0131mas\u0131n\u0131 sa\u011flayacak. Google Foto\u011fraflar kullanmayan kullan\u0131c\u0131lar i\u00e7in ise ikinci bir se\u00e7enek olmayacak. Ancak hizmet kapat\u0131lana kadarki s\u00fcre\u00e7te i\u00e7eriklerin indirilmesi, yedeklenmesi ya da ba\u015fka bir bulut sistemine y\u00fcklenmesi m\u00fcmk\u00fcn olacak.<\/p>\n\n\n\n<p>Xiaomi Cloud&#8217;da ek depolama alan\u0131 i\u00e7in \u00f6deme yapanlar i\u00e7in ise kullan\u0131c\u0131lara geri \u00f6deme yap\u0131lacak ya da paket yenilemeleri durdurulacak. Xiaomi\u2019nin deste\u011fini kesece\u011fi belirtilse de bu konuda net tarih verilmedi. Beklentiler ise 2023\u2019\u00fcn ilk \u00e7eyre\u011finde resmi ad\u0131m\u0131n at\u0131lmas\u0131 y\u00f6n\u00fcnde.<\/p>\n","protected":false},"excerpt":{"rendered":"<p>Xiaomi\u2019nin kullan\u0131c\u0131lara sundu\u011fu bulut foto\u011fraf yedekleme hizmeti kapat\u0131lacak. \u015eirket, deste\u011fin kesilece\u011fini resmi olarak duyurdu. Android i\u015fletim sistemlerinde bulut foto\u011fraf yedekleme hizmeti olarak en \u00e7ok tercih edilen Google Foto\u011fraflar. Ancak bu alandaki tek oyuncu Google de\u011fil. Zira OneDrive, Dropbox ve Xiaomi gibi pek \u00e7ok \u015firketin uygulamas\u0131 bulunuyor. Xiaomi Cloud ad\u0131yla kullan\u0131c\u0131lara bu alanda hizmet veren Xiaomi, [&hellip;]<\/p>\n","protected":false},"author":6,"featured_media":36810,"comment_status":"open","ping_status":"closed","sticky":false,"template":"","format":"standard","meta":{"footnotes":""},"categories":[54,46],"tags":[112],"class_list":["post-36809","post","type-post","status-publish","format-standard","has-post-thumbnail","hentry","category-internet","category-mobil","tag-xiaomi"],"_links":{"self":[{"href":"https:\/\/www.indir.com\/haber\/wp-json\/wp\/v2\/posts\/36809","targetHints":{"allow":["GET"]}}],"collection":[{"href":"https:\/\/www.indir.com\/haber\/wp-json\/wp\/v2\/posts"}],"about":[{"href":"https:\/\/www.indir.com\/haber\/wp-json\/wp\/v2\/types\/post"}],"author":[{"embeddable":true,"href":"https:\/\/www.indir.com\/haber\/wp-json\/wp\/v2\/users\/6"}],"replies":[{"embeddable":true,"href":"https:\/\/www.indir.com\/haber\/wp-json\/wp\/v2\/comments?post=36809"}],"version-history":[{"count":0,"href":"https:\/\/www.indir.com\/haber\/wp-json\/wp\/v2\/posts\/36809\/revisions"}],"wp:featuredmedia":[{"embeddable":true,"href":"https:\/\/www.indir.com\/haber\/wp-json\/wp\/v2\/media\/36810"}],"wp:attachment":[{"href":"https:\/\/www.indir.com\/haber\/wp-json\/wp\/v2\/media?parent=36809"}],"wp:term":[{"taxonomy":"category","embeddable":true,"href":"https:\/\/www.indir.com\/haber\/wp-json\/wp\/v2\/categories?post=36809"},{"taxonomy":"post_tag","embeddable":true,"href":"https:\/\/www.indir.com\/haber\/wp-json\/wp\/v2\/tags?post=36809"}],"curies":[{"name":"wp","href":"https:\/\/api.w.org\/{rel}","templated":true}]}}