{"id":35686,"date":"2022-09-29T11:30:00","date_gmt":"2022-09-29T08:30:00","guid":{"rendered":"https:\/\/www.indir.com\/haber\/?p=35686"},"modified":"2022-09-29T11:15:44","modified_gmt":"2022-09-29T08:15:44","slug":"youtube-shortsa-tiktokun-populer-sesli-anlatim-ozelligi-geldi","status":"publish","type":"post","link":"https:\/\/www.indir.com\/haber\/youtube-shortsa-tiktokun-populer-sesli-anlatim-ozelligi-geldi\/","title":{"rendered":"YouTube Shorts&#8217;a TikTok&#8217;un pop\u00fcler sesli anlat\u0131m \u00f6zelli\u011fi geldi"},"content":{"rendered":"\n<p>TikTok&#8217;ta b\u00fcy\u00fck pop\u00fclerlik yakalayan sesli anlat\u0131m \u00f6zelli\u011finin YouTube Shorts\u2019a getirildi\u011fi a\u00e7\u0131kland\u0131.<\/p>\n\n\n\n<p>YouTube taraf\u0131ndan yap\u0131lan resmi a\u00e7\u0131klamalarda YouTube Shorts\u2019ta ba\u015flang\u0131\u00e7ta sadece iOS\u2019ta olmak \u00fczere sesli anlat\u0131m \u00f6zelli\u011finin desteklenece\u011fi belirtildi. Kullan\u0131c\u0131lar k\u00fc\u00e7\u00fck birka\u00e7 i\u015flem ile videolar \u00fczerine kendi yorumlar\u0131n\u0131, seslerini ekleyebilecek. Basit bir \u015fekilde yap\u0131lacak olan bu i\u015flemler, TikTok&#8217;ta uzun zamandan beri kullan\u0131lan \u00f6zellik ile ayn\u0131. Daha \u00f6nce de pek \u00e7ok farkl\u0131 \u00f6zelli\u011fi TikTok&#8217;tan alan YouTube i\u00e7in bu ilk de\u011fil.<\/p>\n\n\n\n<p><a href=\"https:\/\/www.indir.com\/haber\/youtube-shorts-icerik-ureticileriyle-reklam-gelirini-paylasacak\/\">YouTube Shorts i\u00e7erik \u00fcreticileriyle reklam gelirini payla\u015facak<\/a><\/p>\n\n\n\n<h2 class=\"wp-block-heading\">YouTube Shorts\u2019un TikTok m\u00fccadelesi zorlu ge\u00e7iyor<\/h2>\n\n\n\n<p>T\u00fcm d\u00fcnyada b\u00fcy\u00fck bir pop\u00fclerlik kazanan TikTok uygulamas\u0131na kar\u015f\u0131 YouTube yo\u011fun bir \u00e7aba harc\u0131yor. Ge\u00e7ti\u011fimiz d\u00f6nemlerde YouTube Shorts\u2019ta i\u00e7erik olu\u015fturucular\u0131 i\u00e7in \u00f6zel bir fon ay\u0131rd\u0131\u011f\u0131n\u0131 duyuran YouTube, daha fazla kullan\u0131c\u0131y\u0131 \u00e7ekmenin yollar\u0131n\u0131 ar\u0131yor. Bu s\u0131rada ise sesli anlat\u0131m gibi pop\u00fcler \u00f6zellikleri uygulamaya eklemeye devam ediyor.<\/p>\n\n\n\n<h2 class=\"wp-block-heading\">YouTube Shorts\u2019ta sesli anlat\u0131m \u00f6zelli\u011fi nas\u0131l kullan\u0131l\u0131r?<\/h2>\n\n\n\n<p>Bu \u00f6zelli\u011fi kullanmak i\u00e7in a\u015fa\u011f\u0131daki ad\u0131mlar\u0131 takip edebilirsiniz.<\/p>\n\n\n\n<ul class=\"wp-block-list\"><li>Bir video kaydettikten sonra Shorts&#8217;ta seslendirme kullanmak i\u00e7in kamera ekran\u0131n\u0131n sa\u011f alt k\u0131sm\u0131ndaki onay i\u015fareti d\u00fc\u011fmesine dokunun.<\/li><li>Ard\u0131ndan, seslendirme d\u00fc\u011fmesine dokunun.<\/li><li>Seslendirmenizi ba\u015flatmak istedi\u011finiz yeri se\u00e7in ve kaydet&#8217;e bas\u0131n.<\/li><li>Ard\u0131ndan gerekirse ses seviyesini ayarlay\u0131n.<\/li><li>Kullan\u0131c\u0131lar ayr\u0131ca d\u00fczenlemeyi kolayla\u015ft\u0131rmak i\u00e7in kay\u0131tlar\u0131 geri alabilir ve yeniden yapabilir.<\/li><\/ul>\n\n\n\n<p>Yeni \u00f6zelli\u011fin Android gibi di\u011fer platformlarda ne zaman desteklenece\u011fi ise hen\u00fcz a\u00e7\u0131klanmad\u0131.<\/p>\n\n\n\n<p>iOS i\u00e7in <a href=\"https:\/\/youtube.indir.com\/iphone\" target=\"_blank\" rel=\"noopener\">YouTube indir<\/a><\/p>\n\n\n\n<p>Android i\u00e7in <a href=\"https:\/\/youtube.indir.com\/android\" target=\"_blank\" rel=\"noopener\">YouTube indir<\/a><\/p>\n","protected":false},"excerpt":{"rendered":"<p>TikTok&#8217;ta b\u00fcy\u00fck pop\u00fclerlik yakalayan sesli anlat\u0131m \u00f6zelli\u011finin YouTube Shorts\u2019a getirildi\u011fi a\u00e7\u0131kland\u0131. YouTube taraf\u0131ndan yap\u0131lan resmi a\u00e7\u0131klamalarda YouTube Shorts\u2019ta ba\u015flang\u0131\u00e7ta sadece iOS\u2019ta olmak \u00fczere sesli anlat\u0131m \u00f6zelli\u011finin desteklenece\u011fi belirtildi. Kullan\u0131c\u0131lar k\u00fc\u00e7\u00fck birka\u00e7 i\u015flem ile videolar \u00fczerine kendi yorumlar\u0131n\u0131, seslerini ekleyebilecek. Basit bir \u015fekilde yap\u0131lacak olan bu i\u015flemler, TikTok&#8217;ta uzun zamandan beri kullan\u0131lan \u00f6zellik ile ayn\u0131. Daha [&hellip;]<\/p>\n","protected":false},"author":6,"featured_media":35687,"comment_status":"open","ping_status":"closed","sticky":false,"template":"","format":"standard","meta":{"footnotes":""},"categories":[54,46],"tags":[147,945],"class_list":["post-35686","post","type-post","status-publish","format-standard","has-post-thumbnail","hentry","category-internet","category-mobil","tag-tiktok","tag-youtube-shorts"],"_links":{"self":[{"href":"https:\/\/www.indir.com\/haber\/wp-json\/wp\/v2\/posts\/35686","targetHints":{"allow":["GET"]}}],"collection":[{"href":"https:\/\/www.indir.com\/haber\/wp-json\/wp\/v2\/posts"}],"about":[{"href":"https:\/\/www.indir.com\/haber\/wp-json\/wp\/v2\/types\/post"}],"author":[{"embeddable":true,"href":"https:\/\/www.indir.com\/haber\/wp-json\/wp\/v2\/users\/6"}],"replies":[{"embeddable":true,"href":"https:\/\/www.indir.com\/haber\/wp-json\/wp\/v2\/comments?post=35686"}],"version-history":[{"count":0,"href":"https:\/\/www.indir.com\/haber\/wp-json\/wp\/v2\/posts\/35686\/revisions"}],"wp:featuredmedia":[{"embeddable":true,"href":"https:\/\/www.indir.com\/haber\/wp-json\/wp\/v2\/media\/35687"}],"wp:attachment":[{"href":"https:\/\/www.indir.com\/haber\/wp-json\/wp\/v2\/media?parent=35686"}],"wp:term":[{"taxonomy":"category","embeddable":true,"href":"https:\/\/www.indir.com\/haber\/wp-json\/wp\/v2\/categories?post=35686"},{"taxonomy":"post_tag","embeddable":true,"href":"https:\/\/www.indir.com\/haber\/wp-json\/wp\/v2\/tags?post=35686"}],"curies":[{"name":"wp","href":"https:\/\/api.w.org\/{rel}","templated":true}]}}