{"id":34926,"date":"2022-09-20T10:00:00","date_gmt":"2022-09-20T07:00:00","guid":{"rendered":"https:\/\/www.indir.com\/haber\/?p=34926"},"modified":"2022-09-20T09:21:27","modified_gmt":"2022-09-20T06:21:27","slug":"facebookta-reels-paylasimlari-kolay-hale-geliyor","status":"publish","type":"post","link":"https:\/\/www.indir.com\/haber\/facebookta-reels-paylasimlari-kolay-hale-geliyor\/","title":{"rendered":"Facebook&#8217;ta Reels payla\u015f\u0131mlar\u0131 kolay hale geliyor"},"content":{"rendered":"\n<p>Meta, Facebook payla\u015f\u0131mlar\u0131n\u0131n daha da etkin hale gelmesi ad\u0131na \u00fc\u00e7\u00fcnc\u00fc taraf uygulama deste\u011fini getirdi.<\/p>\n\n\n\n<p>Meta, Facebook i\u00e7in g\u00fcncellemelerini s\u00fcrd\u00fcr\u00fcyor. Facebook Reels payla\u015f\u0131mlar\u0131n\u0131n artmas\u0131n\u0131 isteyen \u015firket, \u00fc\u00e7\u00fcnc\u00fc taraf\u0131 uygulama deste\u011fiyle kullan\u0131c\u0131lar\u0131n daha kolay Reels payla\u015f\u0131m\u0131 yapmas\u0131n\u0131 hedefliyor. Konu ile ilgili yap\u0131lan resmi a\u00e7\u0131klamalara g\u00f6re geli\u015ftiriciler uygulamalar\u0131na Facebook Reels sistemini entegre etmek ad\u0131na art\u0131k Facebook Reels API\u2019yi kullanabilecek.<\/p>\n\n\n\n<p><a href=\"https:\/\/www.indir.com\/haber\/facebookla-oturum-ac-devri-bitebilir\/\">Facebook\u2019la oturum a\u00e7 devri bitebilir<\/a><\/p>\n\n\n\n<h2 class=\"wp-block-heading\">Share to Reels ile kolay payla\u015f\u0131m<\/h2>\n\n\n\n<p>API entegrasyonu sonras\u0131nda kullan\u0131c\u0131lar \u00e7ekimlerini Share To Reels se\u00e7ene\u011fini kullanarak Facebook&#8217;ta kolayca payla\u015fabilecek. \u00dc\u00e7\u00fcnc\u00fc taraf uygulamalar i\u00e7in olduk\u00e7a \u00f6nemli bir geli\u015fme olan API deste\u011finin Facebook&#8217;taki Reels etkinli\u011fini ne kadar artt\u0131raca\u011f\u0131 bilinmese de Meta&#8217;n\u0131n Facebook i\u00e7in yeni planlar\u0131 oldu\u011fu da a\u00e7\u0131k.<\/p>\n\n\n\n<p>Lansmanda yap\u0131lan a\u00e7\u0131klamalara g\u00f6re mevcut entegrasyonu 3 farkl\u0131 \u015firket \u015fimdiden kullan\u0131c\u0131lar\u0131na sunmu\u015f durumda. Wix, Jellysmack ve Sprout Social\u2019da Reels payla\u015f\u0131mlar\u0131n\u0131 do\u011frudan payla\u015fabilmek m\u00fcmk\u00fcn. Hat\u0131rlanaca\u011f\u0131 \u00fczere ge\u00e7ti\u011fimiz d\u00f6nemlerde Facebook i\u00e7in yap\u0131lan g\u00fcncellemelerin bir benzeri Instagram&#8217;da ger\u00e7ekle\u015ftirilmi\u015f ve Instagram Reels API kullan\u0131ma sunulmu\u015ftu.<\/p>\n\n\n\n<p>iOS i\u00e7in <a href=\"https:\/\/facebook.indir.com\/iphone\" target=\"_blank\" rel=\"noopener\">Facebook indir<\/a><\/p>\n\n\n\n<p>Android i\u00e7in <a href=\"https:\/\/facebook.indir.com\/android\" target=\"_blank\" rel=\"noopener\">Facebook indir<\/a><\/p>\n","protected":false},"excerpt":{"rendered":"<p>Meta, Facebook payla\u015f\u0131mlar\u0131n\u0131n daha da etkin hale gelmesi ad\u0131na \u00fc\u00e7\u00fcnc\u00fc taraf uygulama deste\u011fini getirdi. Meta, Facebook i\u00e7in g\u00fcncellemelerini s\u00fcrd\u00fcr\u00fcyor. Facebook Reels payla\u015f\u0131mlar\u0131n\u0131n artmas\u0131n\u0131 isteyen \u015firket, \u00fc\u00e7\u00fcnc\u00fc taraf\u0131 uygulama deste\u011fiyle kullan\u0131c\u0131lar\u0131n daha kolay Reels payla\u015f\u0131m\u0131 yapmas\u0131n\u0131 hedefliyor. Konu ile ilgili yap\u0131lan resmi a\u00e7\u0131klamalara g\u00f6re geli\u015ftiriciler uygulamalar\u0131na Facebook Reels sistemini entegre etmek ad\u0131na art\u0131k Facebook Reels API\u2019yi [&hellip;]<\/p>\n","protected":false},"author":6,"featured_media":34927,"comment_status":"open","ping_status":"closed","sticky":false,"template":"","format":"standard","meta":{"footnotes":""},"categories":[54,46],"tags":[106,233],"class_list":["post-34926","post","type-post","status-publish","format-standard","has-post-thumbnail","hentry","category-internet","category-mobil","tag-facebook","tag-reels"],"_links":{"self":[{"href":"https:\/\/www.indir.com\/haber\/wp-json\/wp\/v2\/posts\/34926","targetHints":{"allow":["GET"]}}],"collection":[{"href":"https:\/\/www.indir.com\/haber\/wp-json\/wp\/v2\/posts"}],"about":[{"href":"https:\/\/www.indir.com\/haber\/wp-json\/wp\/v2\/types\/post"}],"author":[{"embeddable":true,"href":"https:\/\/www.indir.com\/haber\/wp-json\/wp\/v2\/users\/6"}],"replies":[{"embeddable":true,"href":"https:\/\/www.indir.com\/haber\/wp-json\/wp\/v2\/comments?post=34926"}],"version-history":[{"count":0,"href":"https:\/\/www.indir.com\/haber\/wp-json\/wp\/v2\/posts\/34926\/revisions"}],"wp:featuredmedia":[{"embeddable":true,"href":"https:\/\/www.indir.com\/haber\/wp-json\/wp\/v2\/media\/34927"}],"wp:attachment":[{"href":"https:\/\/www.indir.com\/haber\/wp-json\/wp\/v2\/media?parent=34926"}],"wp:term":[{"taxonomy":"category","embeddable":true,"href":"https:\/\/www.indir.com\/haber\/wp-json\/wp\/v2\/categories?post=34926"},{"taxonomy":"post_tag","embeddable":true,"href":"https:\/\/www.indir.com\/haber\/wp-json\/wp\/v2\/tags?post=34926"}],"curies":[{"name":"wp","href":"https:\/\/api.w.org\/{rel}","templated":true}]}}