{"id":33412,"date":"2022-09-02T11:31:05","date_gmt":"2022-09-02T08:31:05","guid":{"rendered":"https:\/\/www.indir.com\/haber\/?p=33412"},"modified":"2022-09-08T17:29:11","modified_gmt":"2022-09-08T14:29:11","slug":"ptt-merkezli-veri-ihlali-yasandi","status":"publish","type":"post","link":"https:\/\/www.indir.com\/haber\/ptt-merkezli-veri-ihlali-yasandi\/","title":{"rendered":"&nbsp;PTT merkezli veri ihlali ya\u015fand\u0131"},"content":{"rendered":"\n<p>KVKK bug\u00fcn yapt\u0131\u011f\u0131 son a\u00e7\u0131klamada PTT merkezli veri ihlali ya\u015fand\u0131\u011f\u0131n\u0131 duyurdu. A\u00e7\u0131klamalara g\u00f6re 38 bin kay\u0131t ihlalden etkilendi.<\/p>\n\n\n\n<p>Ki\u015fisel Verileri Koruma Kurumu (KVKK) yapt\u0131\u011f\u0131 yeni duyuruda iki yeni ihlalin ya\u015fand\u0131\u011f\u0131n\u0131 a\u00e7\u0131klad\u0131. A\u00e7\u0131klamada en \u00e7ok dikkat \u00e7eken ise PTT merkezli veri ihlalinin ya\u015fanmas\u0131 oldu. Posta ve Telgraf Te\u015fkilat\u0131 Biriktirme ve Yard\u0131m Sand\u0131\u011f\u0131\u2019nda ya\u015fanan veri ihlalinden 38 bin kay\u0131t etkilendi.<\/p>\n\n\n\n<p><a href=\"https:\/\/www.indir.com\/haber\/kvkkdan-kritik-uyari-buyuk-veri-sizintisi-yasandi\/\">KVKK\u2019dan kritik uyar\u0131: B\u00fcy\u00fck veri s\u0131z\u0131nt\u0131s\u0131 ya\u015fand\u0131<\/a><\/p>\n\n\n\n<h2 class=\"wp-block-heading\">PTT\u2019de veri ihlali<\/h2>\n\n\n\n<p>\u0130hlalle ilgili bildirim Posta ve Telgraf Te\u015fkilat\u0131 Biriktirme ve Yard\u0131m Sand\u0131\u011f\u0131 taraf\u0131ndan KVKK\u2019ya bildirildi. Meydana gelen s\u0131z\u0131nt\u0131da 3.2 GB b\u00fcy\u00fckl\u00fc\u011f\u00fcndeki veri taban\u0131 yede\u011fi ve sitenin dosyalar\u0131 ele ge\u00e7irildi. 29 A\u011fustos ile 30 A\u011fustos tarihleri aras\u0131nda ger\u00e7ekle\u015fen veri ihlalinde sistemde 38 bin kayd\u0131n yer ald\u0131\u011f\u0131 ifade edildi. Bu kapsamda ise ki\u015fisel veriler, kimlik ve \u00fcyelik i\u015flemlerine ait bilgiler ele ge\u00e7irildi.<\/p>\n\n\n\n<p>Veri ihlali ya\u015fanan bir di\u011fer kurum ise Biblos Ala\u00e7at\u0131 Turizm Yat\u0131r\u0131mlar\u0131 A.\u015e. oldu. \u0130ki ihlalle ilgili de inceleme ba\u015flat\u0131ld\u0131.<\/p>\n","protected":false},"excerpt":{"rendered":"<p>KVKK bug\u00fcn yapt\u0131\u011f\u0131 son a\u00e7\u0131klamada PTT merkezli veri ihlali ya\u015fand\u0131\u011f\u0131n\u0131 duyurdu. A\u00e7\u0131klamalara g\u00f6re 38 bin kay\u0131t ihlalden etkilendi. Ki\u015fisel Verileri Koruma Kurumu (KVKK) yapt\u0131\u011f\u0131 yeni duyuruda iki yeni ihlalin ya\u015fand\u0131\u011f\u0131n\u0131 a\u00e7\u0131klad\u0131. A\u00e7\u0131klamada en \u00e7ok dikkat \u00e7eken ise PTT merkezli veri ihlalinin ya\u015fanmas\u0131 oldu. Posta ve Telgraf Te\u015fkilat\u0131 Biriktirme ve Yard\u0131m Sand\u0131\u011f\u0131\u2019nda ya\u015fanan veri ihlalinden 38 [&hellip;]<\/p>\n","protected":false},"author":6,"featured_media":33413,"comment_status":"open","ping_status":"closed","sticky":false,"template":"","format":"standard","meta":{"footnotes":""},"categories":[54],"tags":[4864,6663],"class_list":["post-33412","post","type-post","status-publish","format-standard","has-post-thumbnail","hentry","category-internet","tag-kvkk","tag-ptt"],"_links":{"self":[{"href":"https:\/\/www.indir.com\/haber\/wp-json\/wp\/v2\/posts\/33412","targetHints":{"allow":["GET"]}}],"collection":[{"href":"https:\/\/www.indir.com\/haber\/wp-json\/wp\/v2\/posts"}],"about":[{"href":"https:\/\/www.indir.com\/haber\/wp-json\/wp\/v2\/types\/post"}],"author":[{"embeddable":true,"href":"https:\/\/www.indir.com\/haber\/wp-json\/wp\/v2\/users\/6"}],"replies":[{"embeddable":true,"href":"https:\/\/www.indir.com\/haber\/wp-json\/wp\/v2\/comments?post=33412"}],"version-history":[{"count":0,"href":"https:\/\/www.indir.com\/haber\/wp-json\/wp\/v2\/posts\/33412\/revisions"}],"wp:featuredmedia":[{"embeddable":true,"href":"https:\/\/www.indir.com\/haber\/wp-json\/wp\/v2\/media\/33413"}],"wp:attachment":[{"href":"https:\/\/www.indir.com\/haber\/wp-json\/wp\/v2\/media?parent=33412"}],"wp:term":[{"taxonomy":"category","embeddable":true,"href":"https:\/\/www.indir.com\/haber\/wp-json\/wp\/v2\/categories?post=33412"},{"taxonomy":"post_tag","embeddable":true,"href":"https:\/\/www.indir.com\/haber\/wp-json\/wp\/v2\/tags?post=33412"}],"curies":[{"name":"wp","href":"https:\/\/api.w.org\/{rel}","templated":true}]}}