{"id":33330,"date":"2022-09-01T14:30:00","date_gmt":"2022-09-01T11:30:00","guid":{"rendered":"https:\/\/www.indir.com\/haber\/?p=33330"},"modified":"2022-09-01T12:12:02","modified_gmt":"2022-09-01T09:12:02","slug":"apple-iphone-14-serisi-fiyatlari-beklenenden-dusuk-olabilir","status":"publish","type":"post","link":"https:\/\/www.indir.com\/haber\/apple-iphone-14-serisi-fiyatlari-beklenenden-dusuk-olabilir\/","title":{"rendered":"Apple iPhone 14 serisi fiyatlar\u0131 beklenenden d\u00fc\u015f\u00fck olabilir"},"content":{"rendered":"\n<p>iPhone 14 serisinin fiyatlar\u0131nda ciddi bir y\u00fckseli\u015f ya\u015fanaca\u011f\u0131 iddia edilirken g\u00fcndeme gelen yeni haberlerde fiyat art\u0131\u015f\u0131n\u0131n beklenenden d\u00fc\u015f\u00fck olabilece\u011fi vurguland\u0131.<\/p>\n\n\n\n<p>iPhone 14 serisinin fiyatlar\u0131n\u0131n artaca\u011f\u0131na y\u00f6nelik \u00e7ok farkl\u0131 raporlar g\u00fcndeme gelmi\u015fti. Raporlar\u0131n hepsinde y\u00fcksek oranda art\u0131\u015f yap\u0131laca\u011f\u0131 vurgulansa da yeni bir rapor daha ortaya \u00e7\u0131kt\u0131. Payla\u015f\u0131lan yeni raporda san\u0131lan\u0131n aksine artan enflasyon ve fiyatlar nedeni ile Apple\u2019\u0131n yeni bir ekonomik fiyatland\u0131rmaya gidece\u011fi \u00f6ne s\u00fcr\u00fcld\u00fc.<\/p>\n\n\n\n<p><a href=\"https:\/\/www.indir.com\/haber\/iphone-14-pro-sizdirildi\/\">iPhone 14 Pro s\u0131zd\u0131r\u0131ld\u0131<\/a><\/p>\n\n\n\n<h2 class=\"wp-block-heading\">iPhone 14 fiyatlar\u0131na k\u00fc\u00e7\u00fck dokunu\u015flar yap\u0131labilir<\/h2>\n\n\n\n<p>Raporda ak\u0131ll\u0131 telefon pazar\u0131ndaki dura\u011fanl\u0131k ve zorlu ekonomik ko\u015fullar nedeniyle Apple&#8217;\u0131n \u00f6zel bir fiyatland\u0131rmaya gidece\u011fi belirtildi. Buna kar\u015f\u0131n fiyatlara y\u00f6nelik herhangi bir detaya ya da net bilgilere yer verilmedi. 5 farkl\u0131 renk se\u00e7ene\u011fi ve yeni i\u015flemciler iPhone 14 serisi i\u00e7in heyecan verici geli\u015fmeler olarak kabul ediliyor.<\/p>\n","protected":false},"excerpt":{"rendered":"<p>iPhone 14 serisinin fiyatlar\u0131nda ciddi bir y\u00fckseli\u015f ya\u015fanaca\u011f\u0131 iddia edilirken g\u00fcndeme gelen yeni haberlerde fiyat art\u0131\u015f\u0131n\u0131n beklenenden d\u00fc\u015f\u00fck olabilece\u011fi vurguland\u0131. iPhone 14 serisinin fiyatlar\u0131n\u0131n artaca\u011f\u0131na y\u00f6nelik \u00e7ok farkl\u0131 raporlar g\u00fcndeme gelmi\u015fti. Raporlar\u0131n hepsinde y\u00fcksek oranda art\u0131\u015f yap\u0131laca\u011f\u0131 vurgulansa da yeni bir rapor daha ortaya \u00e7\u0131kt\u0131. Payla\u015f\u0131lan yeni raporda san\u0131lan\u0131n aksine artan enflasyon ve fiyatlar nedeni [&hellip;]<\/p>\n","protected":false},"author":6,"featured_media":33331,"comment_status":"open","ping_status":"closed","sticky":false,"template":"","format":"standard","meta":{"footnotes":""},"categories":[46],"tags":[104,1712],"class_list":["post-33330","post","type-post","status-publish","format-standard","has-post-thumbnail","hentry","category-mobil","tag-apple","tag-iphone-14"],"_links":{"self":[{"href":"https:\/\/www.indir.com\/haber\/wp-json\/wp\/v2\/posts\/33330","targetHints":{"allow":["GET"]}}],"collection":[{"href":"https:\/\/www.indir.com\/haber\/wp-json\/wp\/v2\/posts"}],"about":[{"href":"https:\/\/www.indir.com\/haber\/wp-json\/wp\/v2\/types\/post"}],"author":[{"embeddable":true,"href":"https:\/\/www.indir.com\/haber\/wp-json\/wp\/v2\/users\/6"}],"replies":[{"embeddable":true,"href":"https:\/\/www.indir.com\/haber\/wp-json\/wp\/v2\/comments?post=33330"}],"version-history":[{"count":0,"href":"https:\/\/www.indir.com\/haber\/wp-json\/wp\/v2\/posts\/33330\/revisions"}],"wp:featuredmedia":[{"embeddable":true,"href":"https:\/\/www.indir.com\/haber\/wp-json\/wp\/v2\/media\/33331"}],"wp:attachment":[{"href":"https:\/\/www.indir.com\/haber\/wp-json\/wp\/v2\/media?parent=33330"}],"wp:term":[{"taxonomy":"category","embeddable":true,"href":"https:\/\/www.indir.com\/haber\/wp-json\/wp\/v2\/categories?post=33330"},{"taxonomy":"post_tag","embeddable":true,"href":"https:\/\/www.indir.com\/haber\/wp-json\/wp\/v2\/tags?post=33330"}],"curies":[{"name":"wp","href":"https:\/\/api.w.org\/{rel}","templated":true}]}}