{"id":32760,"date":"2022-08-24T12:00:00","date_gmt":"2022-08-24T09:00:00","guid":{"rendered":"https:\/\/www.indir.com\/haber\/?p=32760"},"modified":"2022-08-24T10:24:18","modified_gmt":"2022-08-24T07:24:18","slug":"meta-herkesin-metaverse-kimligi-olmasini-istiyor","status":"publish","type":"post","link":"https:\/\/www.indir.com\/haber\/meta-herkesin-metaverse-kimligi-olmasini-istiyor\/","title":{"rendered":"Meta herkesin metaverse kimli\u011fi olmas\u0131n\u0131 istiyor"},"content":{"rendered":"\n<p>Meta taraf\u0131ndan yap\u0131lan yeni a\u00e7\u0131klamalarda metaverse \u00f6zelli\u011fi ile herkesin kimli\u011fe sahip olaca\u011f\u0131 ve profil a\u00e7man\u0131n zorunlu tutulaca\u011f\u0131 belirtildi.<\/p>\n\n\n\n<p>Ge\u00e7ti\u011fimiz g\u00fcnlerde yap\u0131lan payla\u015f\u0131m ile Metaverse konusunda \u00f6nemli bir ad\u0131m atan Meta, sanal d\u00fcnya i\u00e7in haz\u0131rl\u0131klar\u0131n\u0131 s\u00fcrd\u00fcr\u00fcyor. \u015eirket son a\u00e7\u0131klamas\u0131nda kullan\u0131c\u0131lar\u0131n Meta Quest VR kullan\u0131rken Meta hesab\u0131 ve Mete Horizon profili a\u00e7mas\u0131 gerekti\u011fini s\u00f6yledi.<\/p>\n\n\n\n<p><a href=\"https:\/\/www.indir.com\/haber\/metaverse-dunyasinin-oyun-kurucusu-the-sandbox-turkiye-pazarinda\/\">Metaverse d\u00fcnyas\u0131n\u0131n oyun kurucusu The Sandbox T\u00fcrkiye pazar\u0131nda<\/a><\/p>\n\n\n\n<h2 class=\"wp-block-heading\">Meta Horizon profili nas\u0131l a\u00e7\u0131l\u0131r?<\/h2>\n\n\n\n<p>Daha \u00f6nce Facebook hesaplar\u0131 ile kullan\u0131labilen VR ba\u015fl\u0131klar, bundan sonraki s\u00fcre\u00e7te Facebook hesaplar\u0131 ile kullan\u0131lmayacak. Facebook ve Instagram ba\u011fl\u0131l\u0131\u011f\u0131n\u0131 ortadan kald\u0131rmak ve Meta profillerini \u00f6n plana \u00e7\u0131karmak isteyen \u015firket, bu nedenle 2023 y\u0131l\u0131 itibar\u0131 ile Meta hesab\u0131 ile Meta Horizon Profili olarak adland\u0131r\u0131lan profilleri yayg\u0131nla\u015ft\u0131racak.<\/p>\n\n\n\n<p>Meta Horizon Profili, kullan\u0131c\u0131lar\u0131n sanal d\u00fcnyadaki kimli\u011fi olaca\u011f\u0131 gibi yeni \u00fcyelik \u00fczerinden her bir kullan\u0131c\u0131n\u0131n sanal kimli\u011fi olu\u015fturulacak. Profil i\u00e7in t\u00fcm ayarlamalar\u0131n yap\u0131labilece\u011fi sanal d\u00fcnyada kullan\u0131c\u0131lar\u0131n kendi avatarlar\u0131n olu\u015fturmas\u0131, arkada\u015flar\u0131 ile ileti\u015fime ge\u00e7mesi, farkl\u0131 profilleri takip etmesi ve takip\u00e7ileri ile etkile\u015fime ge\u00e7mesi m\u00fcmk\u00fcn olacak.<\/p>\n\n\n\n<p>Yeni sistemde g\u00fcvenli\u011fi de \u00f6n planda tutan Meta,&nbsp; 13 ile 17 ya\u015f aras\u0131ndaki kullan\u0131c\u0131lara y\u00f6nelik yeni bir g\u00fcvenlik kalkan\u0131 olu\u015fturacak. Bu kullan\u0131c\u0131lar\u0131n hesaplar\u0131 gizli olarak platformda yer alacak ve di\u011fer kullan\u0131c\u0131lar taraf\u0131ndan fark edilmesi zorla\u015ft\u0131racak. \u00dcstelik t\u00fcm profiller i\u00e7in herkese a\u00e7\u0131k, kapal\u0131, arkada\u015f ve aile olarak \u00fc\u00e7 farkl\u0131 gizlilik se\u00e7ene\u011fi sunulacak.<\/p>\n","protected":false},"excerpt":{"rendered":"<p>Meta taraf\u0131ndan yap\u0131lan yeni a\u00e7\u0131klamalarda metaverse \u00f6zelli\u011fi ile herkesin kimli\u011fe sahip olaca\u011f\u0131 ve profil a\u00e7man\u0131n zorunlu tutulaca\u011f\u0131 belirtildi. Ge\u00e7ti\u011fimiz g\u00fcnlerde yap\u0131lan payla\u015f\u0131m ile Metaverse konusunda \u00f6nemli bir ad\u0131m atan Meta, sanal d\u00fcnya i\u00e7in haz\u0131rl\u0131klar\u0131n\u0131 s\u00fcrd\u00fcr\u00fcyor. \u015eirket son a\u00e7\u0131klamas\u0131nda kullan\u0131c\u0131lar\u0131n Meta Quest VR kullan\u0131rken Meta hesab\u0131 ve Mete Horizon profili a\u00e7mas\u0131 gerekti\u011fini s\u00f6yledi. Metaverse d\u00fcnyas\u0131n\u0131n oyun [&hellip;]<\/p>\n","protected":false},"author":6,"featured_media":32761,"comment_status":"open","ping_status":"closed","sticky":false,"template":"","format":"standard","meta":{"footnotes":""},"categories":[54],"tags":[966,965],"class_list":["post-32760","post","type-post","status-publish","format-standard","has-post-thumbnail","hentry","category-internet","tag-meta","tag-metaverse"],"_links":{"self":[{"href":"https:\/\/www.indir.com\/haber\/wp-json\/wp\/v2\/posts\/32760","targetHints":{"allow":["GET"]}}],"collection":[{"href":"https:\/\/www.indir.com\/haber\/wp-json\/wp\/v2\/posts"}],"about":[{"href":"https:\/\/www.indir.com\/haber\/wp-json\/wp\/v2\/types\/post"}],"author":[{"embeddable":true,"href":"https:\/\/www.indir.com\/haber\/wp-json\/wp\/v2\/users\/6"}],"replies":[{"embeddable":true,"href":"https:\/\/www.indir.com\/haber\/wp-json\/wp\/v2\/comments?post=32760"}],"version-history":[{"count":0,"href":"https:\/\/www.indir.com\/haber\/wp-json\/wp\/v2\/posts\/32760\/revisions"}],"wp:featuredmedia":[{"embeddable":true,"href":"https:\/\/www.indir.com\/haber\/wp-json\/wp\/v2\/media\/32761"}],"wp:attachment":[{"href":"https:\/\/www.indir.com\/haber\/wp-json\/wp\/v2\/media?parent=32760"}],"wp:term":[{"taxonomy":"category","embeddable":true,"href":"https:\/\/www.indir.com\/haber\/wp-json\/wp\/v2\/categories?post=32760"},{"taxonomy":"post_tag","embeddable":true,"href":"https:\/\/www.indir.com\/haber\/wp-json\/wp\/v2\/tags?post=32760"}],"curies":[{"name":"wp","href":"https:\/\/api.w.org\/{rel}","templated":true}]}}