{"id":32046,"date":"2022-08-16T15:00:00","date_gmt":"2022-08-16T12:00:00","guid":{"rendered":"https:\/\/www.indir.com\/haber\/?p=32046"},"modified":"2022-08-16T12:38:15","modified_gmt":"2022-08-16T09:38:15","slug":"xiaomi-mix-fold-2-5-dakikada-tukendi","status":"publish","type":"post","link":"https:\/\/www.indir.com\/haber\/xiaomi-mix-fold-2-5-dakikada-tukendi\/","title":{"rendered":"Xiaomi Mix Fold 2, 5 dakikada t\u00fckendi"},"content":{"rendered":"\n<p>Teknoloji \u00fcreticisi Xiaomi\u2019nin k\u0131sa s\u00fcre \u00f6nce \u00c7in\u2019de sat\u0131\u015fa \u00e7\u0131kard\u0131\u011f\u0131 Mix Fold 2 katlanabilir ak\u0131ll\u0131 telefon modeli b\u00fcy\u00fck bir ba\u015far\u0131ya imza att\u0131 ve 5 dakikada t\u00fckendi.<\/p>\n\n\n\n<p>Katlanabilir telefon pazar\u0131n\u0131n lideri olan Samsung\u2019un yan\u0131 s\u0131ra Xiaomi gibi \u015firketler de bu pazara y\u00f6nelik modellerini sunmaya devam ediyorlar. \u015eirketin yeni Xiaomi Mix Fold 2 modeli g\u00fcndem konular\u0131ndan birisi olurken, model hem tasar\u0131m\u0131 hem de donan\u0131m \u00f6zellikleri ile olduk\u00e7a be\u011fenilmi\u015fti. K\u0131sa s\u00fcre \u00f6nce \u00c7in\u2019de sat\u0131\u015fa \u00e7\u0131kan yeni Xiaomi Mix Fold 2 serisi 5 dakikada t\u00fckenerek b\u00fcy\u00fck bir ba\u015far\u0131 yakalad\u0131.<\/p>\n\n\n\n<p><a href=\"https:\/\/www.indir.com\/haber\/xiaomi-mix-fold-2-ozellikleri\/\" target=\"_blank\" data-type=\"URL\" data-id=\"https:\/\/www.indir.com\/haber\/xiaomi-mix-fold-2-ozellikleri\/\" rel=\"noreferrer noopener\">Xiaomi MIX Fold 2 tan\u0131t\u0131ld\u0131! \u0130\u015fte \u00f6zellikleri<\/a><\/p>\n\n\n\n<h2 class=\"wp-block-heading\">Xiaomi Mix Fold 2, dakikalar i\u00e7inde t\u00fckendi<\/h2>\n\n\n\n<figure class=\"wp-block-image size-full\"><img loading=\"lazy\" decoding=\"async\" width=\"1280\" height=\"720\" src=\"https:\/\/www.indir.com\/haber\/wp-content\/uploads\/2022\/08\/-19.webp\" alt=\"\" class=\"wp-image-32047\" title=\"\" srcset=\"https:\/\/www.indir.com\/haber\/wp-content\/uploads\/2022\/08\/-19.webp 1280w, https:\/\/www.indir.com\/haber\/wp-content\/uploads\/2022\/08\/-19-300x169.webp 300w, https:\/\/www.indir.com\/haber\/wp-content\/uploads\/2022\/08\/-19-768x432.webp 768w\" sizes=\"auto, (max-width: 1280px) 100vw, 1280px\" \/><\/figure>\n\n\n\n<p>\u00c7in\u2019de ilk defa sat\u0131\u015fa \u00e7\u0131kan Mix Fold 2, \u00f6nemli bir sat\u0131\u015f ba\u015far\u0131s\u0131 yakalad\u0131. Cihaz \u00f6yle ki 5 dakikada stoklar\u0131n\u0131 t\u00fcketmeyi ba\u015fard\u0131 ve \u015firketin sat\u0131\u015fa a\u00e7\u0131lan birim say\u0131s\u0131 ile alakal\u0131 ise herhangi bir a\u00e7\u0131klama yap\u0131lmad\u0131. Y\u0131ld\u0131z Alt\u0131n ile Ay G\u00f6lgesi Siyah\u0131 olarak iki farkl\u0131 renk se\u00e7ene\u011fine sahip olan Xiaomi Mix Fold 2 modeli, 12 GB RAM ve 256 GB depolama se\u00e7ene\u011fiyle geliyor. 1335 dolar fiyata sahip bu modelin bir de 512 GB i\u00e7in 1485 dolar ve 1 TB depolama i\u00e7in ise 1780 dolar fiyat etiketleri bulunuyor.<\/p>\n\n\n\n<figure class=\"wp-block-table\"><table><tbody><tr><td><strong>Boyut ve A\u011f\u0131rl\u0131k<\/strong><\/td><td>Katl\u0131 Halde: 161.6 x 73.9 x 11.2mm A\u00e7\u0131k Halde: 161.6 x 144.7 x 5.4mm \u2013 262g<\/td><\/tr><tr><td><strong>Ekran<\/strong><\/td><td>Kapak: 6.56 in\u00e7 \u2013 2320 x 1080 piksel \u2013 120 Hz \u2013 HDR 10+<br>Ana: 8.02 in\u00e7 \u2013 2160 x 1914 piksel \u2013 120 Hz \u2013 Adaptif \u2013 1000 nit<\/td><\/tr><tr><td><strong>\u0130\u015flemci<\/strong><\/td><td>Qualcomm Snapdragon 8 Plus Gen 1<\/td><\/tr><tr><td><strong>RAM &amp; Depolama<\/strong><\/td><td>12GB LPDDR5 RAM + 256 GB, 512 GB veya 1 TB UFS 3.1 Depolama<\/td><\/tr><tr><td><strong>Batarya<\/strong><\/td><td>4,500 mAh \u2013 67W h\u0131zl\u0131 \u015farj<\/td><\/tr><tr><td><strong>G\u00fcvenlik<\/strong><\/td><td>Parmak izi okuyucu<\/td><\/tr><tr><td><strong>Arka Kamera<\/strong><\/td><td>Ana: 50 MP f\/1.8 Sony IMX766, OIS Ultra geni\u015f a\u00e7\u0131l\u0131: 13MP f\/2.4 Telefoto: 8MP f\/2.6, 2x optik yak\u0131nla\u015ft\u0131rma<\/td><\/tr><tr><td><strong>\u00d6n kamera<\/strong><\/td><td>20 Megapiksel \/ Ekran alt\u0131nda kamera yok<\/td><\/tr><tr><td><strong>Portlar<\/strong><\/td><td>USB Type-C<\/td><\/tr><tr><td><strong>Ba\u011flant\u0131lar<\/strong><\/td><td>5G \u2013 4G \u2013 Wi-Fi 6 \u2013 Bluetooth 5.2<\/td><\/tr><tr><td><strong>Yaz\u0131l\u0131m<\/strong><\/td><td><a href=\"https:\/\/shiftdelete.net\/etiket\/android\" target=\"_blank\" rel=\"noreferrer noopener\">Android<\/a>&nbsp;12L ve&nbsp;<a href=\"https:\/\/shiftdelete.net\/miui-13-tanitildi-iste-tum-ozellikleri\" target=\"_blank\" rel=\"noreferrer noopener\">MIUI 13<\/a>&nbsp;aray\u00fcz\u00fc<\/td><\/tr><\/tbody><\/table><\/figure>\n","protected":false},"excerpt":{"rendered":"<p>Teknoloji \u00fcreticisi Xiaomi\u2019nin k\u0131sa s\u00fcre \u00f6nce \u00c7in\u2019de sat\u0131\u015fa \u00e7\u0131kard\u0131\u011f\u0131 Mix Fold 2 katlanabilir ak\u0131ll\u0131 telefon modeli b\u00fcy\u00fck bir ba\u015far\u0131ya imza att\u0131 ve 5 dakikada t\u00fckendi. Katlanabilir telefon pazar\u0131n\u0131n lideri olan Samsung\u2019un yan\u0131 s\u0131ra Xiaomi gibi \u015firketler de bu pazara y\u00f6nelik modellerini sunmaya devam ediyorlar. \u015eirketin yeni Xiaomi Mix Fold 2 modeli g\u00fcndem konular\u0131ndan birisi olurken, [&hellip;]<\/p>\n","protected":false},"author":12,"featured_media":32048,"comment_status":"open","ping_status":"closed","sticky":false,"template":"","format":"standard","meta":{"footnotes":""},"categories":[46],"tags":[1869,112],"class_list":["post-32046","post","type-post","status-publish","format-standard","has-post-thumbnail","hentry","category-mobil","tag-mix-fold-2","tag-xiaomi"],"_links":{"self":[{"href":"https:\/\/www.indir.com\/haber\/wp-json\/wp\/v2\/posts\/32046","targetHints":{"allow":["GET"]}}],"collection":[{"href":"https:\/\/www.indir.com\/haber\/wp-json\/wp\/v2\/posts"}],"about":[{"href":"https:\/\/www.indir.com\/haber\/wp-json\/wp\/v2\/types\/post"}],"author":[{"embeddable":true,"href":"https:\/\/www.indir.com\/haber\/wp-json\/wp\/v2\/users\/12"}],"replies":[{"embeddable":true,"href":"https:\/\/www.indir.com\/haber\/wp-json\/wp\/v2\/comments?post=32046"}],"version-history":[{"count":0,"href":"https:\/\/www.indir.com\/haber\/wp-json\/wp\/v2\/posts\/32046\/revisions"}],"wp:featuredmedia":[{"embeddable":true,"href":"https:\/\/www.indir.com\/haber\/wp-json\/wp\/v2\/media\/32048"}],"wp:attachment":[{"href":"https:\/\/www.indir.com\/haber\/wp-json\/wp\/v2\/media?parent=32046"}],"wp:term":[{"taxonomy":"category","embeddable":true,"href":"https:\/\/www.indir.com\/haber\/wp-json\/wp\/v2\/categories?post=32046"},{"taxonomy":"post_tag","embeddable":true,"href":"https:\/\/www.indir.com\/haber\/wp-json\/wp\/v2\/tags?post=32046"}],"curies":[{"name":"wp","href":"https:\/\/api.w.org\/{rel}","templated":true}]}}