{"id":31848,"date":"2022-08-15T09:30:00","date_gmt":"2022-08-15T06:30:00","guid":{"rendered":"https:\/\/www.indir.com\/haber\/?p=31848"},"modified":"2022-08-15T09:24:26","modified_gmt":"2022-08-15T06:24:26","slug":"snapdragon-8-gen-1li-xiaomi-12t-pro-tanitima-cok-yakin","status":"publish","type":"post","link":"https:\/\/www.indir.com\/haber\/snapdragon-8-gen-1li-xiaomi-12t-pro-tanitima-cok-yakin\/","title":{"rendered":"Snapdragon 8+ Gen 1&#8217;li Xiaomi 12T Pro tan\u0131t\u0131ma \u00e7ok yak\u0131n"},"content":{"rendered":"\n<p>Xiaomi \u00c7in\u2019de yapt\u0131\u011f\u0131 tan\u0131t\u0131mda Redmi K50 Ultra\u2019y\u0131 tan\u0131tm\u0131\u015ft\u0131. Cihaz\u0131n k\u00fcresel versiyonu Xiaomi 12T Pro olacak. Yeni iddialara g\u00f6re telefon k\u0131sa s\u00fcre i\u00e7erisinde k\u00fcresel pazarda yer alacak.<\/p>\n\n\n\n<p>S\u0131z\u0131nt\u0131lar\u0131 ile bilinen Abhishek Yadav Xiaomi 12T Pro hakk\u0131nda yeni iddialar payla\u015ft\u0131. Xiaomi taraf\u0131ndan Redmi K50 Ultra ad\u0131yla tan\u0131tlan modelin Xiaomi 12T Pro ad\u0131yla k\u00fcresel pazarda yer alaca\u011f\u0131 biliniyordu. Ancak \u015fimdi Xiaomi 12T Pro\u2019da baz\u0131 de\u011fi\u015fiklilere yer verilece\u011fi de ortaya \u00e7\u0131kt\u0131. \u0130ddialara g\u00f6re Redmi K50 Ultra\u2019da yer alan 108 MP arka kamera de\u011fi\u015ftirilecek. Bu de\u011fi\u015fiklik ile daha iyi kamera deneyimi sunacak Xiaomi 12T Pro, 200 MP\u2019lik bir sens\u00f6re sahip olacak.<\/p>\n\n\n\n<p><a href=\"https:\/\/www.indir.com\/haber\/xiaominin-insansi-robotu-cyberone-tanitildi\/\" target=\"_blank\" data-type=\"URL\" data-id=\"https:\/\/www.indir.com\/haber\/xiaominin-insansi-robotu-cyberone-tanitildi\/\" rel=\"noreferrer noopener\">Xiaomi\u2019nin insans\u0131 robotu CyberOne tan\u0131t\u0131ld\u0131!<\/a><\/p>\n\n\n\n<h2 class=\"wp-block-heading\">\u0130\u015fte Xiaomi 12T Pro\u2019dan ilk detaylar<\/h2>\n\n\n\n<p>Kamera de\u011fi\u015fikli\u011finin yan\u0131 s\u0131ra yak\u0131n tarihli ba\u015fka bir raporda Xiaomi 12T Pro&#8217;nun Avrupa fiyatlar\u0131 yer ald\u0131.&nbsp; Rapora g\u00f6re cihaz 849 Euro\u2019dan ba\u015flayan fiyatlar ile sat\u0131lacak. En temel versiyon ise 649 Euro olacak.&nbsp; Cihazda yer almas\u0131 beklenen \u00f6zellikler ise \u015f\u00f6yle,<\/p>\n\n\n\n<ul class=\"wp-block-list\"><li>Ekran: 6.67 in\u00e7 OLED FHD+ 144Hz ekran ve ekran i\u00e7i parmak izi taray\u0131c\u0131<\/li><li>LPDDR5 RAM ve UFS 3.1 depolama<\/li><li>\u0130\u015flemci: Snapdragon 8+ Gen 1<\/li><li>\u0130\u015fletim sistemi: Android 12 tabanl\u0131 MIUI 13 \u00fczerinde<\/li><li>Batarya: 120W h\u0131zl\u0131 \u015farj destekli 5.000mAh batarya<\/li><li>Arka kamera: 200 MP birincil sens\u00f6r (OIS, EIS ile), 8MP ultra geni\u015f \u00fcnite ve 2MP makro kamera<\/li><\/ul>\n","protected":false},"excerpt":{"rendered":"<p>Xiaomi \u00c7in\u2019de yapt\u0131\u011f\u0131 tan\u0131t\u0131mda Redmi K50 Ultra\u2019y\u0131 tan\u0131tm\u0131\u015ft\u0131. Cihaz\u0131n k\u00fcresel versiyonu Xiaomi 12T Pro olacak. Yeni iddialara g\u00f6re telefon k\u0131sa s\u00fcre i\u00e7erisinde k\u00fcresel pazarda yer alacak. S\u0131z\u0131nt\u0131lar\u0131 ile bilinen Abhishek Yadav Xiaomi 12T Pro hakk\u0131nda yeni iddialar payla\u015ft\u0131. Xiaomi taraf\u0131ndan Redmi K50 Ultra ad\u0131yla tan\u0131tlan modelin Xiaomi 12T Pro ad\u0131yla k\u00fcresel pazarda yer alaca\u011f\u0131 biliniyordu. [&hellip;]<\/p>\n","protected":false},"author":6,"featured_media":31849,"comment_status":"open","ping_status":"closed","sticky":false,"template":"","format":"standard","meta":{"footnotes":""},"categories":[46],"tags":[112,6363],"class_list":["post-31848","post","type-post","status-publish","format-standard","has-post-thumbnail","hentry","category-mobil","tag-xiaomi","tag-xiaomi-12t-pro"],"_links":{"self":[{"href":"https:\/\/www.indir.com\/haber\/wp-json\/wp\/v2\/posts\/31848","targetHints":{"allow":["GET"]}}],"collection":[{"href":"https:\/\/www.indir.com\/haber\/wp-json\/wp\/v2\/posts"}],"about":[{"href":"https:\/\/www.indir.com\/haber\/wp-json\/wp\/v2\/types\/post"}],"author":[{"embeddable":true,"href":"https:\/\/www.indir.com\/haber\/wp-json\/wp\/v2\/users\/6"}],"replies":[{"embeddable":true,"href":"https:\/\/www.indir.com\/haber\/wp-json\/wp\/v2\/comments?post=31848"}],"version-history":[{"count":0,"href":"https:\/\/www.indir.com\/haber\/wp-json\/wp\/v2\/posts\/31848\/revisions"}],"wp:featuredmedia":[{"embeddable":true,"href":"https:\/\/www.indir.com\/haber\/wp-json\/wp\/v2\/media\/31849"}],"wp:attachment":[{"href":"https:\/\/www.indir.com\/haber\/wp-json\/wp\/v2\/media?parent=31848"}],"wp:term":[{"taxonomy":"category","embeddable":true,"href":"https:\/\/www.indir.com\/haber\/wp-json\/wp\/v2\/categories?post=31848"},{"taxonomy":"post_tag","embeddable":true,"href":"https:\/\/www.indir.com\/haber\/wp-json\/wp\/v2\/tags?post=31848"}],"curies":[{"name":"wp","href":"https:\/\/api.w.org\/{rel}","templated":true}]}}