{"id":31571,"date":"2022-08-12T16:00:00","date_gmt":"2022-08-12T13:00:00","guid":{"rendered":"https:\/\/www.indir.com\/haber\/?p=31571"},"modified":"2022-08-12T14:12:51","modified_gmt":"2022-08-12T11:12:51","slug":"butce-dostu-samsung-galaxy-a04s-icin-geri-sayim-baslatildi","status":"publish","type":"post","link":"https:\/\/www.indir.com\/haber\/butce-dostu-samsung-galaxy-a04s-icin-geri-sayim-baslatildi\/","title":{"rendered":"B\u00fct\u00e7e dostu Samsung Galaxy A04s i\u00e7in geri say\u0131m ba\u015flat\u0131ld\u0131!"},"content":{"rendered":"\n<p>Samsung&#8217;un b\u00fct\u00e7e dostu Galaxy A04s i\u00e7in geri say\u0131m ba\u015flat\u0131ld\u0131! \u0130\u015fte yeni modelden ilk detaylar.<\/p>\n\n\n\n<p>Samsung son zamanlar da yeni \u00e7\u0131kartt\u0131\u011f\u0131 \u00fcr\u00fcnlerle ad\u0131ndan bahsettirmi\u015fken s\u0131rada Galaxy A04s var.  10 A\u011fustos&#8217;ta vitrine \u00e7\u0131kartt\u0131\u011f\u0131 \u00fcr\u00fcnlerin ard\u0131ndan yeni bir model i\u00e7in daha haz\u0131rl\u0131k yapan Samsung, Galaxy A04s i\u00e7in geri say\u0131m\u0131 ba\u015flatt\u0131. \u0130ddial\u0131 \u00f6zelliklere yer verilmesi beklenen Galaxy A04s i\u00e7in yeni s\u0131z\u0131nt\u0131lar yap\u0131ld\u0131.<\/p>\n\n\n\n<h2 class=\"wp-block-heading\">Galaxy A04s \u00f6zellikleri neler olacak?<\/h2>\n\n\n\n<p>Samsung Galaxy A04s hakk\u0131nda fazla teknik bilgi bulunmuyor. Ancak cihaz\u0131n model numaras\u0131n\u0131n SM-A047F\u00a0oldu\u011fu ortaya \u00e7\u0131kt\u0131. Model numaras\u0131n\u0131n ortaya \u00e7\u0131kmas\u0131yla Geekbench testlerine eri\u015filen modelin i\u015flemci ve RAM gibi baz\u0131 bilgileri \u00f6\u011frenildi. Geekbench raporlar\u0131na g\u00f6re telefon,  <strong>3 GB\u00a0RAM<\/strong> ve <strong>32 GB<\/strong> depolama \u00f6zellikleriyle kutudan \u00e7\u0131kacak. Telefonda kullan\u0131lacak i\u015flemci ise <strong>sekiz \u00e7ekirdekli Exynos 850<\/strong> olacak. \u0130\u015flemcide <strong>sekiz 2.0 GHz<\/strong>\u00a0<strong>ARM Cortex-A55<\/strong>\u00a0\u00e7ekirdekleri, <strong>8 nm<\/strong>\u00a0mimari ve <strong>Mali-G52 MP1<\/strong> grafik birimi bulunuyor. <\/p>\n\n\n\n<p>Bahsetti\u011fimiz \u015feylerin yan\u0131 s\u0131ra iki adet RAM ve depolama opsiyonu olaca\u011f\u0131 da s\u00f6yleniyor.  Bununla birlikte cihaz kutudan \u00e7\u0131kar \u00e7\u0131kmaz\u00a0<a href=\"https:\/\/shiftdelete.net\/etiket\/android\" target=\"_blank\" rel=\"noreferrer noopener\"><\/a><a href=\"https:\/\/shiftdelete.net\/etiket\/android\" target=\"_blank\" rel=\"noreferrer noopener\">Android<\/a>\u00a012 tabanl\u0131 One UI 4.0 aray\u00fcz\u00fcn\u00fc \u00e7al\u0131\u015ft\u0131rmaya ba\u015flayacak. Batarya k\u0131sm\u0131nda ise 15W destekli 5.000 mAh\u2019lik bir pil \u00f6mr\u00fc bulunuyor.<\/p>\n\n\n\n<figure class=\"wp-block-image size-full is-resized\"><img loading=\"lazy\" decoding=\"async\" src=\"https:\/\/www.indir.com\/haber\/wp-content\/uploads\/2022\/08\/butce-dostu-galaxy-a04s-icin-geri-sayim-basladi.jpeg\" alt=\"Galaxy A04s\" class=\"wp-image-31609\" width=\"810\" height=\"455\" title=\"\" srcset=\"https:\/\/www.indir.com\/haber\/wp-content\/uploads\/2022\/08\/butce-dostu-galaxy-a04s-icin-geri-sayim-basladi.jpeg 1200w, https:\/\/www.indir.com\/haber\/wp-content\/uploads\/2022\/08\/butce-dostu-galaxy-a04s-icin-geri-sayim-basladi-300x169.jpeg 300w, https:\/\/www.indir.com\/haber\/wp-content\/uploads\/2022\/08\/butce-dostu-galaxy-a04s-icin-geri-sayim-basladi-768x432.jpeg 768w\" sizes=\"auto, (max-width: 810px) 100vw, 810px\" \/><\/figure>\n\n\n\n<p>Bununla birlikte cihaz\u0131n uzun bir zamand\u0131r farkl\u0131 sertifika sitelerinde g\u00f6r\u00fcnd\u00fc\u011f\u00fcn\u00fc de belirtelim. Samsung Galaxy A04s hakk\u0131nda hen\u00fcz bildiklerimiz bu kadar olsa da yak\u0131n tarihlerde kullan\u0131c\u0131lar\u0131n kar\u015f\u0131s\u0131na \u00e7\u0131kaca\u011f\u0131n\u0131 d\u00fc\u015f\u00fcn\u00fcyoruz.<\/p>\n","protected":false},"excerpt":{"rendered":"<p>Samsung&#8217;un b\u00fct\u00e7e dostu Galaxy A04s i\u00e7in geri say\u0131m ba\u015flat\u0131ld\u0131! \u0130\u015fte yeni modelden ilk detaylar. Samsung son zamanlar da yeni \u00e7\u0131kartt\u0131\u011f\u0131 \u00fcr\u00fcnlerle ad\u0131ndan bahsettirmi\u015fken s\u0131rada Galaxy A04s var. 10 A\u011fustos&#8217;ta vitrine \u00e7\u0131kartt\u0131\u011f\u0131 \u00fcr\u00fcnlerin ard\u0131ndan yeni bir model i\u00e7in daha haz\u0131rl\u0131k yapan Samsung, Galaxy A04s i\u00e7in geri say\u0131m\u0131 ba\u015flatt\u0131. \u0130ddial\u0131 \u00f6zelliklere yer verilmesi beklenen Galaxy A04s i\u00e7in [&hellip;]<\/p>\n","protected":false},"author":22,"featured_media":31714,"comment_status":"open","ping_status":"closed","sticky":false,"template":"","format":"standard","meta":{"footnotes":""},"categories":[46],"tags":[6311],"class_list":["post-31571","post","type-post","status-publish","format-standard","has-post-thumbnail","hentry","category-mobil","tag-galaxy-a04s"],"_links":{"self":[{"href":"https:\/\/www.indir.com\/haber\/wp-json\/wp\/v2\/posts\/31571","targetHints":{"allow":["GET"]}}],"collection":[{"href":"https:\/\/www.indir.com\/haber\/wp-json\/wp\/v2\/posts"}],"about":[{"href":"https:\/\/www.indir.com\/haber\/wp-json\/wp\/v2\/types\/post"}],"author":[{"embeddable":true,"href":"https:\/\/www.indir.com\/haber\/wp-json\/wp\/v2\/users\/22"}],"replies":[{"embeddable":true,"href":"https:\/\/www.indir.com\/haber\/wp-json\/wp\/v2\/comments?post=31571"}],"version-history":[{"count":0,"href":"https:\/\/www.indir.com\/haber\/wp-json\/wp\/v2\/posts\/31571\/revisions"}],"wp:featuredmedia":[{"embeddable":true,"href":"https:\/\/www.indir.com\/haber\/wp-json\/wp\/v2\/media\/31714"}],"wp:attachment":[{"href":"https:\/\/www.indir.com\/haber\/wp-json\/wp\/v2\/media?parent=31571"}],"wp:term":[{"taxonomy":"category","embeddable":true,"href":"https:\/\/www.indir.com\/haber\/wp-json\/wp\/v2\/categories?post=31571"},{"taxonomy":"post_tag","embeddable":true,"href":"https:\/\/www.indir.com\/haber\/wp-json\/wp\/v2\/tags?post=31571"}],"curies":[{"name":"wp","href":"https:\/\/api.w.org\/{rel}","templated":true}]}}