{"id":30767,"date":"2022-08-04T10:30:00","date_gmt":"2022-08-04T07:30:00","guid":{"rendered":"https:\/\/www.indir.com\/haber\/?p=30767"},"modified":"2022-08-04T09:13:22","modified_gmt":"2022-08-04T06:13:22","slug":"iphone-14-fiyatlari-ortaya-cikti","status":"publish","type":"post","link":"https:\/\/www.indir.com\/haber\/iphone-14-fiyatlari-ortaya-cikti\/","title":{"rendered":"iPhone 14 fiyatlar\u0131 ortaya \u00e7\u0131kt\u0131"},"content":{"rendered":"\n<p>Apple kullan\u0131c\u0131lar\u0131n\u0131n bir s\u00fcredir merakla bekledi\u011fi iPhone 14 serisi hakk\u0131nda en \u00f6nemli konulardan biri de cihazlar\u0131n sahip olaca\u011f\u0131 fiyat etiketi. Bug\u00fcne kadar bu konuyla ilgili \u00e7ok fazla s\u0131z\u0131nt\u0131 gelmi\u015f olsa da yeni bilgiler bu konuda daha iyi ipu\u00e7lar\u0131na sahip.<\/p>\n\n\n\n<p><a href=\"https:\/\/www.indir.com\/haber\/iphone-14-ve-iphone-14-pro-arasindaki-farklar-netlesiyor\/\">iPhone 14 ve iPhone 14 Pro aras\u0131ndaki farklar netle\u015fiyor<\/a><a href=\"https:\/\/www.indir.com\/haber\/author\/onurkose\/\"><\/a><\/p>\n\n\n\n<p>Apple Eyl\u00fcl ay\u0131nda kullan\u0131c\u0131lar\u0131n kar\u015f\u0131s\u0131na \u00e7\u0131karaca\u011f\u0131 iPhone 14 serisi i\u00e7in son dokunu\u015flar\u0131n\u0131 yaparken seriyle ilgili beklentiler de artmaya devam ediyor. Bir aksilik olmamas\u0131 durumunda zaman\u0131nda tan\u0131t\u0131lacak olan cihaz\u0131n sat\u0131\u015f fiyat\u0131yla ilgili yeni s\u0131z\u0131nt\u0131lar var.<\/p>\n\n\n\n<h2 class=\"wp-block-heading\" id=\"h-iphone-14-799-dolardan-baslayan-fiyatlarla-satisa-sunulacak\">iPhone 14 fiyatlar\u0131 belli oldu<\/h2>\n\n\n\n<p>Bug\u00fcne dek iPhone 14 serisiyle ilgili pek \u00e7ok bilgi s\u0131zd\u0131r\u0131ld\u0131. Son d\u00f6nemlerde d\u00fcnya genelinde enflasyonun ve teknolojik \u00fcr\u00fcnlerin fiyatlar\u0131n\u0131n art\u0131\u015f g\u00f6stermesi yeni iPhone ailesinin ne kadardan sat\u0131\u015fa sunulaca\u011f\u0131 y\u00f6n\u00fcndeki merak\u0131 da k\u00f6r\u00fckler nitelikteydi. Daha \u00f6nce cihazla ilgili yap\u0131lan payla\u015f\u0131mlarda yeni telefonun eskisinden sadece 100 dolar pahal\u0131 olaca\u011f\u0131 aktar\u0131lm\u0131\u015ft\u0131. \u015eirkete yak\u0131n kaynaklardan elde edilen son bilgiler de bu s\u0131z\u0131nt\u0131y\u0131 do\u011frular nitelikteydi.<\/p>\n\n\n\n<p>Ama tabi ki tan\u0131t\u0131m hen\u00fcz ger\u00e7ekle\u015fmedi\u011fi i\u00e7in Apple bu rakam\u0131 her an de\u011fi\u015ftirebilirdi ve \u00f6yle de oldu. Eyl\u00fcl&#8217;den \u00f6nce karar de\u011fi\u015ftiren \u015firket iPhone 14 serisine zam yapmama karar\u0131 ald\u0131. Ge\u00e7ti\u011fimiz sene iPhone 13 serisini 799 dolardan sat\u0131\u015fa sunan \u015firketin yeni telefon serisini de ayn\u0131 fiyattan sat\u0131\u015fa sunaca\u011f\u0131 s\u00f6yleniyor.<\/p>\n\n\n\n<p>\u015eirketin b\u00f6yle bir karar almas\u0131 biraz \u015fa\u015f\u0131rt\u0131c\u0131 gelebilir ancak Apple&#8217;\u0131n bu karar\u0131 \u015firketin yeni modelin sat\u0131\u015flar\u0131ndan \u00e7ekince duydu\u011funun da bir g\u00f6stergesi. K\u0131saca Apple yeni kullan\u0131c\u0131lar\u0131 iPhone 14 serisine y\u00f6nlendirmeye \u00e7al\u0131\u015f\u0131yor. S\u0131z\u0131nt\u0131 kayna\u011f\u0131na g\u00f6re \u015firket k\u00fcrsel pazardaki \u00e7ip s\u0131k\u0131nt\u0131s\u0131 y\u00fcz\u00fcnden ak\u0131ll\u0131 telefon taleplerinde d\u00fc\u015f\u00fc\u015f ya\u015f\u0131yor. Buna k\u00fcrsel pazardaki ekonomik dalgalanmalar da eklendi\u011finde iPhone 14 i\u00e7in en ba\u015far\u0131l\u0131 sat\u0131\u015f stratejisi yeni modeli zamns\u0131z piyasaya s\u00fcrmek gibi duruyor.<\/p>\n\n\n\n<p>Bunlara ek olarak cihaz\u0131n \u00f6zelliklerine de\u011finecek olursak iPhone 14, 14 Plus&nbsp;modelleri A15 Bionic yongas\u0131ndan g\u00fc\u00e7 al\u0131rken,&nbsp;iPhone 14 Pro ve 14 Pro Max&nbsp;modellerinin&nbsp;A16 Bionic&nbsp;i\u015flemcisinden g\u00fc\u00e7 alaca\u011f\u0131n\u0131 s\u00f6yleyebiliriz.  S\u0131z\u0131nt\u0131lara g\u00f6re Apple, iPhone 14 ve iPhone 14 Plus\u2019ta 6 GB RAM ile birlikte LPDDR4X&nbsp;standard\u0131n\u0131 yine bir arada kullanacak. Ancak&nbsp;iPhone 14 Pro ve iPhone 14 Pro Max bu se\u00e7enek LPDDR5\u2019e y\u00fckseltilecek.<\/p>\n","protected":false},"excerpt":{"rendered":"<p>Apple kullan\u0131c\u0131lar\u0131n\u0131n bir s\u00fcredir merakla bekledi\u011fi iPhone 14 serisi hakk\u0131nda en \u00f6nemli konulardan biri de cihazlar\u0131n sahip olaca\u011f\u0131 fiyat etiketi. Bug\u00fcne kadar bu konuyla ilgili \u00e7ok fazla s\u0131z\u0131nt\u0131 gelmi\u015f olsa da yeni bilgiler bu konuda daha iyi ipu\u00e7lar\u0131na sahip. iPhone 14 ve iPhone 14 Pro aras\u0131ndaki farklar netle\u015fiyor Apple Eyl\u00fcl ay\u0131nda kullan\u0131c\u0131lar\u0131n kar\u015f\u0131s\u0131na \u00e7\u0131karaca\u011f\u0131 iPhone [&hellip;]<\/p>\n","protected":false},"author":10,"featured_media":30771,"comment_status":"open","ping_status":"closed","sticky":false,"template":"","format":"standard","meta":{"footnotes":""},"categories":[46],"tags":[104,1712],"class_list":["post-30767","post","type-post","status-publish","format-standard","has-post-thumbnail","hentry","category-mobil","tag-apple","tag-iphone-14"],"_links":{"self":[{"href":"https:\/\/www.indir.com\/haber\/wp-json\/wp\/v2\/posts\/30767","targetHints":{"allow":["GET"]}}],"collection":[{"href":"https:\/\/www.indir.com\/haber\/wp-json\/wp\/v2\/posts"}],"about":[{"href":"https:\/\/www.indir.com\/haber\/wp-json\/wp\/v2\/types\/post"}],"author":[{"embeddable":true,"href":"https:\/\/www.indir.com\/haber\/wp-json\/wp\/v2\/users\/10"}],"replies":[{"embeddable":true,"href":"https:\/\/www.indir.com\/haber\/wp-json\/wp\/v2\/comments?post=30767"}],"version-history":[{"count":0,"href":"https:\/\/www.indir.com\/haber\/wp-json\/wp\/v2\/posts\/30767\/revisions"}],"wp:featuredmedia":[{"embeddable":true,"href":"https:\/\/www.indir.com\/haber\/wp-json\/wp\/v2\/media\/30771"}],"wp:attachment":[{"href":"https:\/\/www.indir.com\/haber\/wp-json\/wp\/v2\/media?parent=30767"}],"wp:term":[{"taxonomy":"category","embeddable":true,"href":"https:\/\/www.indir.com\/haber\/wp-json\/wp\/v2\/categories?post=30767"},{"taxonomy":"post_tag","embeddable":true,"href":"https:\/\/www.indir.com\/haber\/wp-json\/wp\/v2\/tags?post=30767"}],"curies":[{"name":"wp","href":"https:\/\/api.w.org\/{rel}","templated":true}]}}