{"id":30492,"date":"2022-08-02T10:30:00","date_gmt":"2022-08-02T07:30:00","guid":{"rendered":"https:\/\/www.indir.com\/haber\/?p=30492"},"modified":"2022-08-02T09:59:25","modified_gmt":"2022-08-02T06:59:25","slug":"oppo-reno-8z-afisi-sizdirildi","status":"publish","type":"post","link":"https:\/\/www.indir.com\/haber\/oppo-reno-8z-afisi-sizdirildi\/","title":{"rendered":"OPPO Reno 8z afi\u015fi s\u0131zd\u0131r\u0131ld\u0131"},"content":{"rendered":"\n<p>OPPO Reno 8z i\u00e7in \u00e7al\u0131\u015fmalar s\u00fcr\u00fcyor. Tan\u0131t\u0131m i\u00e7in lansman planlamas\u0131 yapan OPPO, lansman \u00f6ncesinde Reno 8z s\u0131z\u0131nt\u0131s\u0131yla g\u00fcndemde.<\/p>\n\n\n\n<p>Son d\u00f6nemlerde OPPO&#8217;nun OPPO Reno 8z&#8217;yi piyasaya s\u00fcrmeye haz\u0131rland\u0131\u011f\u0131 ortaya \u00e7\u0131kt\u0131. Bu haberlerin g\u00fcndeme gelmesiyle birlikte merak edilmeye ba\u015flanan OPPO Reno 8z i\u00e7in ilk \u00f6nemli s\u0131z\u0131nt\u0131lardan birisi ya\u015fand\u0131. OPPO Reno 8z i\u00e7in haz\u0131rlanan afi\u015f, s\u0131zd\u0131r\u0131ld\u0131.<\/p>\n\n\n\n<p><a href=\"https:\/\/www.indir.com\/haber\/oppo-enco-x2-turkiyede-satisa-cikiyor\/\" target=\"_blank\" data-type=\"URL\" data-id=\"https:\/\/www.indir.com\/haber\/oppo-enco-x2-turkiyede-satisa-cikiyor\/\" rel=\"noreferrer noopener\">OPPO Enco X2 T\u00fcrkiye\u2019de sat\u0131\u015fa \u00e7\u0131k\u0131yor<\/a><\/p>\n\n\n\n<h2 class=\"wp-block-heading\">\u0130\u015fte OPPO Reno 8z<\/h2>\n\n\n\n<figure class=\"wp-block-embed is-type-rich is-provider-twitter wp-block-embed-twitter\"><div class=\"wp-block-embed__wrapper\">\n<blockquote class=\"twitter-tweet\" data-width=\"550\" data-dnt=\"true\"><p lang=\"en\" dir=\"ltr\">This is the Reno 8 Z 5G; look familiar? It should &#8211; just like Oppo brought the Reno 7 Lite to global markets as the Reno 8 Lite, so seems to be the case with the Reno 7\/8 Z 5G. <a href=\"https:\/\/t.co\/nUlEpmofcd\">pic.twitter.com\/nUlEpmofcd<\/a><\/p>&mdash; Evan Blass (@evleaks) <a href=\"https:\/\/twitter.com\/evleaks\/status\/1554294893589192706?ref_src=twsrc%5Etfw\" target=\"_blank\" rel=\"noopener\">August 2, 2022<\/a><\/blockquote><script async src=\"https:\/\/platform.twitter.com\/widgets.js\" charset=\"utf-8\"><\/script>\n<\/div><\/figure>\n\n\n\n<p>OPPO Reno 8z, bir \u00f6nceki model Reno 7z\u2019ye tasar\u0131m\u0131yla benziyor. Tasar\u0131mda b\u00fcy\u00fck farklar\u0131n olmad\u0131\u011f\u0131 Reno 8z\u2019de i\u00e7in afi\u015fte g\u00f6re 3\u2019l\u00fc arka kamera (2\u2019si RGB \u0131\u015f\u0131kl\u0131), LED fla\u015f arkada dikkat \u00e7ekiyor. Yapay zeka destekli kameran\u0131n yer alaca\u011f\u0131 telefon, kamera \u00f6zellikleriyle \u00f6n plana \u00e7\u0131kar\u0131lm\u0131\u015f.<\/p>\n\n\n\n<p>Tasar\u0131mda d\u00fcz kenarlar tercih eden OPPO, SIM kart yuvas\u0131 ve ses d\u00fc\u011fmelerine yanda yer vermi\u015f. Telefonun alt k\u0131sm\u0131nda ise 3,5 mm ses jak\u0131, USB-C ba\u011flant\u0131 noktas\u0131, mikrofon ve hoparl\u00f6r \u0131zgaras\u0131 mevcut.<\/p>\n\n\n\n<h2 class=\"wp-block-heading\">OPPO Reno 8z \u00f6zellikleri neler olacak?<\/h2>\n\n\n\n<p>Afi\u015fle birlikte bug\u00fcne kadar iddia edilen \u00f6zellikler i\u00e7in de yeni bir derleme yap\u0131ld\u0131. Resmi olmayan bilgilere g\u00f6re yeni modelde Snapdragon 695 i\u015flemci, 8 GB RAM ve Android 12 i\u015fletim sisteminin yer almas\u0131 bekleniyor. Ancak bu \u00f6zellikler, kullan\u0131c\u0131lar\u0131 tatmin etmeyebilir. Zira Reno 7z modelinde de ayn\u0131 i\u015flemciye yer verilmi\u015fti. Bu bak\u0131mdan OPPO\u2019nun yeni modelinde fark yaratmas\u0131 gerekiyor.<\/p>\n","protected":false},"excerpt":{"rendered":"<p>OPPO Reno 8z i\u00e7in \u00e7al\u0131\u015fmalar s\u00fcr\u00fcyor. Tan\u0131t\u0131m i\u00e7in lansman planlamas\u0131 yapan OPPO, lansman \u00f6ncesinde Reno 8z s\u0131z\u0131nt\u0131s\u0131yla g\u00fcndemde. Son d\u00f6nemlerde OPPO&#8217;nun OPPO Reno 8z&#8217;yi piyasaya s\u00fcrmeye haz\u0131rland\u0131\u011f\u0131 ortaya \u00e7\u0131kt\u0131. Bu haberlerin g\u00fcndeme gelmesiyle birlikte merak edilmeye ba\u015flanan OPPO Reno 8z i\u00e7in ilk \u00f6nemli s\u0131z\u0131nt\u0131lardan birisi ya\u015fand\u0131. OPPO Reno 8z i\u00e7in haz\u0131rlanan afi\u015f, s\u0131zd\u0131r\u0131ld\u0131. OPPO Enco [&hellip;]<\/p>\n","protected":false},"author":6,"featured_media":30494,"comment_status":"open","ping_status":"closed","sticky":false,"template":"","format":"standard","meta":{"footnotes":""},"categories":[46],"tags":[215,6134],"class_list":["post-30492","post","type-post","status-publish","format-standard","has-post-thumbnail","hentry","category-mobil","tag-oppo","tag-reno"],"_links":{"self":[{"href":"https:\/\/www.indir.com\/haber\/wp-json\/wp\/v2\/posts\/30492","targetHints":{"allow":["GET"]}}],"collection":[{"href":"https:\/\/www.indir.com\/haber\/wp-json\/wp\/v2\/posts"}],"about":[{"href":"https:\/\/www.indir.com\/haber\/wp-json\/wp\/v2\/types\/post"}],"author":[{"embeddable":true,"href":"https:\/\/www.indir.com\/haber\/wp-json\/wp\/v2\/users\/6"}],"replies":[{"embeddable":true,"href":"https:\/\/www.indir.com\/haber\/wp-json\/wp\/v2\/comments?post=30492"}],"version-history":[{"count":0,"href":"https:\/\/www.indir.com\/haber\/wp-json\/wp\/v2\/posts\/30492\/revisions"}],"wp:featuredmedia":[{"embeddable":true,"href":"https:\/\/www.indir.com\/haber\/wp-json\/wp\/v2\/media\/30494"}],"wp:attachment":[{"href":"https:\/\/www.indir.com\/haber\/wp-json\/wp\/v2\/media?parent=30492"}],"wp:term":[{"taxonomy":"category","embeddable":true,"href":"https:\/\/www.indir.com\/haber\/wp-json\/wp\/v2\/categories?post=30492"},{"taxonomy":"post_tag","embeddable":true,"href":"https:\/\/www.indir.com\/haber\/wp-json\/wp\/v2\/tags?post=30492"}],"curies":[{"name":"wp","href":"https:\/\/api.w.org\/{rel}","templated":true}]}}