{"id":30240,"date":"2022-07-29T11:30:00","date_gmt":"2022-07-29T08:30:00","guid":{"rendered":"https:\/\/www.indir.com\/haber\/?p=30240"},"modified":"2022-07-29T10:49:37","modified_gmt":"2022-07-29T07:49:37","slug":"moto-s30-pro-ozellikleri-ortaya-cikti","status":"publish","type":"post","link":"https:\/\/www.indir.com\/haber\/moto-s30-pro-ozellikleri-ortaya-cikti\/","title":{"rendered":"Moto S30 Pro \u00f6zellikleri ortaya \u00e7\u0131kt\u0131"},"content":{"rendered":"\n<p>Motorola\u2019n\u0131n yeni modeli Moto S30 Pro i\u00e7in detaylar ortaya \u00e7\u0131kt\u0131. Cihaz Snapdragon 8 Gen Plus 1 i\u015flemcisini kullanacak.<\/p>\n\n\n\n<p>2 A\u011fustos, Motorola i\u00e7in \u00f6nemli bir tarih olacak. \u00c7in\u2019de d\u00fczenleyece\u011fi etkinlik ile yeni modellerini tan\u0131tacak olan \u015firket, etkinlikte Moto X30 Pro ve Razr 2022&#8217;yi sahneye alacak. Uzun zamandan beri konu\u015fulan Razr 2022 ile ilgili pek \u00e7ok detay belli olurken yeni bilgiler Moto S30 Pro\u2019dan geldi.<\/p>\n\n\n\n<p><a href=\"https:\/\/www.indir.com\/haber\/motorola-razr-2022-goruntulendi\/\" data-type=\"URL\" data-id=\"https:\/\/www.indir.com\/haber\/motorola-razr-2022-goruntulendi\/\">Motorola Razr 2022 g\u00f6r\u00fcnt\u00fclendi<\/a><a href=\"https:\/\/www.indir.com\/haber\/motorola-razr-2022-goruntulendi\/\" target=\"_blank\" data-type=\"URL\" data-id=\"https:\/\/www.indir.com\/haber\/motorola-razr-2022-goruntulendi\/\" rel=\"noreferrer noopener\">https:\/\/www.indir.com\/haber\/motorola-razr-2022-goruntulendi\/<\/a><\/p>\n\n\n\n<h2 class=\"wp-block-heading\">Moto S30 Pro \u00f6zellikleri neler?<\/h2>\n\n\n\n<p>TENAA\u2019da g\u00f6r\u00fcnt\u00fclenen Moto S30 Pro, XT2243-2 model numaras\u0131na sahip. 68W \u015farj cihaz\u0131 ile donat\u0131lm\u0131\u015f olan cihaz, 5G&#8217;ye haz\u0131r olacak. B\u00f6ylece 5G ge\u00e7i\u015flerinde markan\u0131n en \u00f6nemli kozlar\u0131ndan birisi Moto S30 Pro. G\u00fc\u00e7l\u00fc i\u015flemcisine ek olarak telefonun 158,4 x 71,9 x 7,6 mm \u00f6l\u00e7\u00fclerinde ve 170 gram a\u011f\u0131rl\u0131\u011f\u0131nda olaca\u011f\u0131 belirtildi. 20:9 en boy oran\u0131 ve ekran i\u00e7i parmak izi taray\u0131c\u0131s\u0131yla dikkat \u00e7eken model, 6.67 in\u00e7 OLED FHD+ ile kaliteli bir ekran deneyimi sunacak. Zira 120Hz yenileme h\u0131z\u0131n\u0131n da olmas\u0131 bekleniyor. TENAA\u2019ya g\u00f6re S30 Pro yerle\u015fik \u00fc\u00e7 kameraya sahip olacak. 8K video kayd\u0131 deste\u011fi de olabilir.<\/p>\n\n\n\n<p>Cihaz\u0131n piyasaya sunulaca\u011f\u0131 versiyonlar\u0131n \u015f\u00f6yle olmas\u0131 bekleniyor;<\/p>\n\n\n\n<ul class=\"wp-block-list\"><li>8 GB \/ 12 GB \/ 16 GB RAM<\/li><li>128 GB \/ 256 GB \/ 512 GB depolama alan\u0131<\/li><\/ul>\n","protected":false},"excerpt":{"rendered":"<p>Motorola\u2019n\u0131n yeni modeli Moto S30 Pro i\u00e7in detaylar ortaya \u00e7\u0131kt\u0131. Cihaz Snapdragon 8 Gen Plus 1 i\u015flemcisini kullanacak. 2 A\u011fustos, Motorola i\u00e7in \u00f6nemli bir tarih olacak. \u00c7in\u2019de d\u00fczenleyece\u011fi etkinlik ile yeni modellerini tan\u0131tacak olan \u015firket, etkinlikte Moto X30 Pro ve Razr 2022&#8217;yi sahneye alacak. Uzun zamandan beri konu\u015fulan Razr 2022 ile ilgili pek \u00e7ok detay [&hellip;]<\/p>\n","protected":false},"author":6,"featured_media":30241,"comment_status":"open","ping_status":"closed","sticky":false,"template":"","format":"standard","meta":{"footnotes":""},"categories":[46],"tags":[6102,220],"class_list":["post-30240","post","type-post","status-publish","format-standard","has-post-thumbnail","hentry","category-mobil","tag-moto-s30-pro","tag-motorola"],"_links":{"self":[{"href":"https:\/\/www.indir.com\/haber\/wp-json\/wp\/v2\/posts\/30240","targetHints":{"allow":["GET"]}}],"collection":[{"href":"https:\/\/www.indir.com\/haber\/wp-json\/wp\/v2\/posts"}],"about":[{"href":"https:\/\/www.indir.com\/haber\/wp-json\/wp\/v2\/types\/post"}],"author":[{"embeddable":true,"href":"https:\/\/www.indir.com\/haber\/wp-json\/wp\/v2\/users\/6"}],"replies":[{"embeddable":true,"href":"https:\/\/www.indir.com\/haber\/wp-json\/wp\/v2\/comments?post=30240"}],"version-history":[{"count":0,"href":"https:\/\/www.indir.com\/haber\/wp-json\/wp\/v2\/posts\/30240\/revisions"}],"wp:featuredmedia":[{"embeddable":true,"href":"https:\/\/www.indir.com\/haber\/wp-json\/wp\/v2\/media\/30241"}],"wp:attachment":[{"href":"https:\/\/www.indir.com\/haber\/wp-json\/wp\/v2\/media?parent=30240"}],"wp:term":[{"taxonomy":"category","embeddable":true,"href":"https:\/\/www.indir.com\/haber\/wp-json\/wp\/v2\/categories?post=30240"},{"taxonomy":"post_tag","embeddable":true,"href":"https:\/\/www.indir.com\/haber\/wp-json\/wp\/v2\/tags?post=30240"}],"curies":[{"name":"wp","href":"https:\/\/api.w.org\/{rel}","templated":true}]}}