{"id":29522,"date":"2022-07-25T19:32:15","date_gmt":"2022-07-25T16:32:15","guid":{"rendered":"https:\/\/www.indir.com\/haber\/?p=29522"},"modified":"2022-07-25T19:32:23","modified_gmt":"2022-07-25T16:32:23","slug":"samsung-galaxy-buds3-pro-ve-galaxy-watch5-serisinin-avrupa-fiyatlari","status":"publish","type":"post","link":"https:\/\/www.indir.com\/haber\/samsung-galaxy-buds3-pro-ve-galaxy-watch5-serisinin-avrupa-fiyatlari\/","title":{"rendered":"Samsung Galaxy Buds3 Pro ve Galaxy Watch5 serisinin Avrupa fiyatlar\u0131"},"content":{"rendered":"\n<p>Samsung Galaxy Z Fold4 ve Galaxy Flip4&#8217;\u00fcn ard\u0131ndan Samsung Galaxy Buds3 Pro ve Galaxy Watch5 serisi hakk\u0131nda Avrupa fiyatlar\u0131 \u00f6\u011frenildi. <\/p>\n\n\n\n<p>10 A\u011fustos tarihli Samsung Unpacked 2022 etkinli\u011fi hakk\u0131nda s\u0131z\u0131nt\u0131lar devam ediyor. Bu etkinlik kapsam\u0131nda tan\u0131t\u0131m\u0131 yap\u0131lacak olan \u00fcr\u00fcnlerden birisi Samsung Galaxy Buds3 Pro kablosuz kulakl\u0131k olacak. Daha \u00f6ncesinde Samsung Galaxy Buds2 Pro olarak ge\u00e7en ancak isim konusunda de\u011fi\u015fiklik yap\u0131lm\u0131\u015f gibi g\u00f6r\u00fcnen bu \u00fcr\u00fcn, s\u0131z\u0131nt\u0131lardan elde edilen bilgilere g\u00f6re Avrupa\u2019da 229 euro sat\u0131\u015f fiyat\u0131na sahip olacak ve toplam \u00fc\u00e7 farkl\u0131 renk ile kullan\u0131c\u0131lar\u0131n be\u011fenisine sunulacak.Ayn\u0131 etkinlik kapsam\u0131nda sunulacak olan Samsung Galaxy Watch5 ve Galaxy Watch5 Pro ak\u0131ll\u0131 saat modelleri de sunulacak. Konuyla ilgili yap\u0131lan s\u0131z\u0131nt\u0131lara g\u00f6re Galaxy Watch5&nbsp;modeli Avrupa\u2019da 40mm Bluetooth s\u00fcr\u00fcm\u00fc i\u00e7in 260 euro, 44mm Bluetooth s\u00fcr\u00fcm\u00fc i\u00e7inse 287 euro fiyat etiketine sahip olacak. Avrupa&#8217;da Galaxy Watch5 Pro&nbsp;i\u00e7inse en az 430 euro \u00f6demenin yap\u0131lmas\u0131 gerekecek. <\/p>\n\n\n\n<figure class=\"wp-block-image size-full\"><img loading=\"lazy\" decoding=\"async\" width=\"1200\" height=\"800\" src=\"https:\/\/www.indir.com\/haber\/wp-content\/uploads\/2022\/07\/samsung-galaxy-buds3-pro-ve-galaxy-watch5-serisinin-avrupa-fiyatlari.jpg\" alt=\"\" class=\"wp-image-29538\" title=\"\" srcset=\"https:\/\/www.indir.com\/haber\/wp-content\/uploads\/2022\/07\/samsung-galaxy-buds3-pro-ve-galaxy-watch5-serisinin-avrupa-fiyatlari.jpg 1200w, https:\/\/www.indir.com\/haber\/wp-content\/uploads\/2022\/07\/samsung-galaxy-buds3-pro-ve-galaxy-watch5-serisinin-avrupa-fiyatlari-270x180.jpg 270w, https:\/\/www.indir.com\/haber\/wp-content\/uploads\/2022\/07\/samsung-galaxy-buds3-pro-ve-galaxy-watch5-serisinin-avrupa-fiyatlari-768x512.jpg 768w, https:\/\/www.indir.com\/haber\/wp-content\/uploads\/2022\/07\/samsung-galaxy-buds3-pro-ve-galaxy-watch5-serisinin-avrupa-fiyatlari-390x260.jpg 390w, https:\/\/www.indir.com\/haber\/wp-content\/uploads\/2022\/07\/samsung-galaxy-buds3-pro-ve-galaxy-watch5-serisinin-avrupa-fiyatlari-285x190.jpg 285w\" sizes=\"auto, (max-width: 1200px) 100vw, 1200px\" \/><\/figure>\n\n\n\n<p>Samsung Galaxy Z Fold4 ve Samsung Galaxy Z Flip4 modelleri de 10 a\u011fustos tarihinde sunulacak ve belirli pazarlarda \u00f6n sipari\u015f \u00fcst\u00fcne sat\u0131\u015fa sunulacak. S\u00f6z konusu bu modellerin 26 A\u011fustos g\u00fcn\u00fc itibariyle ise normal sat\u0131\u015fa \u00e7\u0131kaca\u011f\u0131 bildiriliyor. Katlanabilir \u00f6zellikli telefonlar\u0131n sat\u0131\u015faca\u011f\u0131 \u00fclkelere g\u00f6re k\u00fc\u00e7\u00fck de\u011fi\u015fiklikler sunma ihtimali olan Avrupa fiyatlar\u0131 ise yap\u0131lan s\u0131z\u0131nt\u0131ya g\u00f6re tam olarak \u015f\u00f6yle olacak: <\/p>\n\n\n\n<p>Galaxy Z Flip4 (128 GB): \u20ac1,079 <\/p>\n\n\n\n<p>Galaxy Z Flip4 (256 GB): \u20ac1,159 <\/p>\n\n\n\n<p>Galaxy Z Flip4 (512 GB): \u20ac1,279 <\/p>\n\n\n\n<p>Galaxy Z Fold4 (256 GB): \u20ac1,849 <\/p>\n\n\n\n<p>Galaxy Z Fold4 (512 GB): \u20ac1,999 \u0130<\/p>\n\n\n\n<p>S\u00f6z konusu bu modellerin di\u011fer aksesuarlar\u0131n T\u00fcrkiye fiyatlar\u0131 ise \u015fu an i\u00e7in bilinmiyor. Fakat g\u00fcncel dolar \/ euro kuru ve vergiler \u00fczerinden T\u00fcrkiye\u2019deki fiyat etiketlerinin olduk\u00e7a y\u00fcksek oldu\u011funu d\u00fc\u015f\u00fcnmek m\u00fcmk\u00fcnd\u00fcr. <\/p>\n\n\n\n<p><\/p>\n","protected":false},"excerpt":{"rendered":"<p>Samsung Galaxy Z Fold4 ve Galaxy Flip4&#8217;\u00fcn ard\u0131ndan Samsung Galaxy Buds3 Pro ve Galaxy Watch5 serisi hakk\u0131nda Avrupa fiyatlar\u0131 \u00f6\u011frenildi. 10 A\u011fustos tarihli Samsung Unpacked 2022 etkinli\u011fi hakk\u0131nda s\u0131z\u0131nt\u0131lar devam ediyor. Bu etkinlik kapsam\u0131nda tan\u0131t\u0131m\u0131 yap\u0131lacak olan \u00fcr\u00fcnlerden birisi Samsung Galaxy Buds3 Pro kablosuz kulakl\u0131k olacak. Daha \u00f6ncesinde Samsung Galaxy Buds2 Pro olarak ge\u00e7en ancak [&hellip;]<\/p>\n","protected":false},"author":7,"featured_media":29539,"comment_status":"open","ping_status":"closed","sticky":false,"template":"","format":"standard","meta":{"footnotes":""},"categories":[61,46],"tags":[174],"class_list":["post-29522","post","type-post","status-publish","format-standard","has-post-thumbnail","hentry","category-ios","category-mobil","tag-samsung"],"_links":{"self":[{"href":"https:\/\/www.indir.com\/haber\/wp-json\/wp\/v2\/posts\/29522","targetHints":{"allow":["GET"]}}],"collection":[{"href":"https:\/\/www.indir.com\/haber\/wp-json\/wp\/v2\/posts"}],"about":[{"href":"https:\/\/www.indir.com\/haber\/wp-json\/wp\/v2\/types\/post"}],"author":[{"embeddable":true,"href":"https:\/\/www.indir.com\/haber\/wp-json\/wp\/v2\/users\/7"}],"replies":[{"embeddable":true,"href":"https:\/\/www.indir.com\/haber\/wp-json\/wp\/v2\/comments?post=29522"}],"version-history":[{"count":0,"href":"https:\/\/www.indir.com\/haber\/wp-json\/wp\/v2\/posts\/29522\/revisions"}],"wp:featuredmedia":[{"embeddable":true,"href":"https:\/\/www.indir.com\/haber\/wp-json\/wp\/v2\/media\/29539"}],"wp:attachment":[{"href":"https:\/\/www.indir.com\/haber\/wp-json\/wp\/v2\/media?parent=29522"}],"wp:term":[{"taxonomy":"category","embeddable":true,"href":"https:\/\/www.indir.com\/haber\/wp-json\/wp\/v2\/categories?post=29522"},{"taxonomy":"post_tag","embeddable":true,"href":"https:\/\/www.indir.com\/haber\/wp-json\/wp\/v2\/tags?post=29522"}],"curies":[{"name":"wp","href":"https:\/\/api.w.org\/{rel}","templated":true}]}}