{"id":2644,"date":"2021-10-11T12:01:00","date_gmt":"2021-10-11T09:01:00","guid":{"rendered":"https:\/\/www.indir.com\/haber\/?p=2644"},"modified":"2021-10-11T12:01:04","modified_gmt":"2021-10-11T09:01:04","slug":"samsungun-butce-dostu-telefonu-galaxy-a13-5g","status":"publish","type":"post","link":"https:\/\/www.indir.com\/haber\/samsungun-butce-dostu-telefonu-galaxy-a13-5g\/","title":{"rendered":"Samsung&#8217;un b\u00fct\u00e7e dostu telefonu Galaxy A13 5G"},"content":{"rendered":"\n<p>G\u00fcney Kore merkezli ak\u0131ll\u0131 cihaz \u00fcreticilerinden&nbsp;Samsung, yeni b\u00fct\u00e7e dostu telefonu&nbsp;Galaxy A13 5G modelini kullan\u0131c\u0131lar\u0131n be\u011fenisine sundu.&nbsp;<\/p>\n\n\n\n<p>G\u00fcney Koreli \u015firket Samsung, yeni bir b\u00fct\u00e7e dostu \u00f6zelliklere sahip telefon \u00fczerinde \u00e7al\u0131\u015fmaya ba\u015flad\u0131.&nbsp;Galaxy A13 5G olarak adland\u0131r\u0131lan bu cihaz, \u015firketin \u015fu ana kadar ki piyasaya \u00e7\u0131kard\u0131\u011f\u0131 en ucuz 5G ak\u0131ll\u0131 cep telefonlardan biri oldu.&nbsp;Galaxy A12&#8217;nin halefi olarak gelecek olan&nbsp;Galaxy A13, Samsung&#8217;un en uygun fiyatl\u0131 5G modeli olan A22&#8217;nin alt\u0131nda yer alacak. Samsung&#8217;un yeni b\u00fct\u00e7e dostu olan bu telefonu 2022 modellerinden biri olarak bu y\u0131l\u0131n son aylar\u0131na do\u011fru a\u00e7\u0131klanmas\u0131 beklentiler aras\u0131nda yer al\u0131yor.&nbsp;Galaxy A13 ile ilgili olarak ge\u00e7ti\u011fimiz d\u00f6nem i\u00e7erisinde pek \u00e7ok bilgi ortaya \u00e7\u0131kt\u0131. T\u00fcm bu s\u0131z\u0131nt\u0131lara bakarak&nbsp;Technizo Concept yeni b\u00fct\u00e7e dostu modelin bir \u00fcr\u00fcn sunumu ger\u00e7ekle\u015ftirdi<\/p>\n\n\n\n<h2 class=\"wp-block-heading\">Samsung Galaxy A13 5G teknik \u00f6zellikleri belli oldu<\/h2>\n\n\n\n<figure class=\"wp-block-image size-full\"><img loading=\"lazy\" decoding=\"async\" width=\"1421\" height=\"800\" src=\"https:\/\/www.indir.com\/haber\/wp-content\/uploads\/2021\/10\/12-5.jpg\" alt=\"\" class=\"wp-image-2646\" title=\"\" srcset=\"https:\/\/www.indir.com\/haber\/wp-content\/uploads\/2021\/10\/12-5.jpg 1421w, https:\/\/www.indir.com\/haber\/wp-content\/uploads\/2021\/10\/12-5-300x169.jpg 300w, https:\/\/www.indir.com\/haber\/wp-content\/uploads\/2021\/10\/12-5-768x432.jpg 768w\" sizes=\"auto, (max-width: 1421px) 100vw, 1421px\" \/><\/figure>\n\n\n\n<p>\u015eirketin b\u00fct\u00e7e dostu cihaz\u0131 olarak \u00fczerinde \u00e7al\u0131\u015f\u0131lan Galaxy A13 5G,&nbsp;6.48 in\u00e7 LCD&nbsp;\u00f6zelli\u011fine sahip ekran ile kullan\u0131c\u0131lar\u0131n kar\u015f\u0131s\u0131na \u00e7\u0131k\u0131yor. Ekran \u00e7\u00f6z\u00fcn\u00fcrl\u00fc\u011f\u00fc ile ilgili olarak&nbsp;HD+\u2018tan&nbsp;Full HD+ kalitesine y\u00fckseltilmesi de beklentiler aras\u0131nda yer al\u0131yor. Bunun yan\u0131 s\u0131ra 60 Hz ekran yenileme h\u0131z\u0131na da sahip olacak. Uygun bir telefon modeli oldu\u011fu i\u00e7in cihaz kal\u0131n kenarlara sahip olacak. \u00d6n kameran\u0131n yer ald\u0131\u011f\u0131 k\u0131s\u0131mda da V \u015feklinde olan bir \u00e7entik yer alacak. Olas\u0131l\u0131klar dahilinde ise selfie kameras\u0131n\u0131n 8 megapiksel \u015feklinde olmas\u0131 bekleniyor.&nbsp;<\/p>\n\n\n\n<h3 class=\"wp-block-heading\">Kamera<\/h3>\n\n\n\n<p>Arka kamera sistemi yeni bir g\u00fcncelleme s\u00fcrecinden ge\u00e7iyor.&nbsp;Galaxy A13 modeline bak\u0131ld\u0131\u011f\u0131nda ise A32&#8217;nin kamera tasar\u0131m\u0131 ile benzerlik g\u00f6steriyor. Bu durum yay\u0131nlana Zouton&#8217;un g\u00f6rsellerinde de a\u00e7\u0131k\u00e7a ortaya \u00e7\u0131kt\u0131. \u00dc\u00e7l\u00fc kamera kurulumuna sahip olan bu ak\u0131ll\u0131 cihaz 50 megapiksel ana kamera ve&nbsp;f\/2.0&nbsp;lens i\u00e7eriyor. Ak\u0131ll\u0131 cep telefonun ana kameras\u0131 yak\u0131n zaman i\u00e7erisinde&nbsp;Galaxy S22&nbsp;ve&nbsp;S22 Plus&#8217;ta kullan\u0131lacak olan 50 megapiksel kamera ile ayn\u0131 \u00f6zellikler \u00fczerine kuruluyor. Bunun yerine ise&nbsp;Samsung A13 5G&nbsp;modelinde&nbsp;0.64\u03bcm&nbsp;pikselli k\u00fc\u00e7\u00fck&nbsp;1\/2.76 in\u00e7&nbsp;boyutlar\u0131nda bir sens\u00f6r olan&nbsp;ISOCELL JN1&#8217;i kullan\u0131yor. Bu sayede kamera sisteminin muhafaza k\u0131sm\u0131ndan \u00e7ok d\u0131\u015far\u0131 ya\u015fmamas\u0131na \u00f6zen g\u00f6sterildi.&nbsp;<\/p>\n\n\n\n<h3 class=\"wp-block-heading\">\u0130\u015flemci<\/h3>\n\n\n\n<p>Galaxy A13 modelinin yak\u0131n zaman i\u00e7erisinde k\u0131yaslama testi&nbsp; sonu\u00e7lar\u0131 g\u00fcn y\u00fcz\u00fcne \u00e7\u0131kt\u0131. Bu sayede yeni b\u00fct\u00e7e dostu modeli ak\u0131ll\u0131 cep telefonun h\u0131zl\u0131 bir yonga seti taraf\u0131ndan destek alaca\u011f\u0131 \u00f6\u011frenildi. Bu ba\u011flamda ise i\u015flemci ile ilgili olarak&nbsp;Galaxy A22&#8217;de de tercih edilen sekiz \u00e7ekirdekli&nbsp;MediaTek Dimensity 700&nbsp;\u00fczerinde duruluyor.&nbsp;<\/p>\n\n\n\n<h3 class=\"wp-block-heading\">Di\u011fer teknik detaylar<\/h3>\n\n\n\n<p>Galaxy A13 5G&nbsp;modelinin&nbsp;4GB RAM\/64GB&nbsp;depolama alan\u0131n\u0131n yan\u0131 s\u0131ra 6GB RAM\/128 GB depolama alan\u0131 gibi iki farkl\u0131 renk se\u00e7ene\u011fi ile kullan\u0131c\u0131lar\u0131n kar\u015f\u0131s\u0131na \u00e7\u0131kmas\u0131 bekleniyor. Haf\u0131za ayn\u0131 zamanda microSD kart ile geni\u015fletilebilir \u015fekildedir. G\u00fcney Kore merkezli ba\u015far\u0131l\u0131 \u015firket Samsung&#8217;un yeni b\u00fct\u00e7e dostu telefonu&nbsp;One UI 3&nbsp;kullan\u0131c\u0131 aray\u00fcz\u00fc ile beraber Android 11 i\u015fletim sisteminde aktif olarak yer alacak. Bu ba\u011flamda ise cihaz\u0131n ilerleyen s\u00fcre\u00e7ler i\u00e7erisinde&nbsp;Android 12&#8217;ye ge\u00e7mesi de beklentiler aras\u0131nda yer al\u0131yor.<\/p>\n\n\n\n<p>Batarya k\u0131sm\u0131na de\u011finildi\u011finde ise,&nbsp;Samsung\u2019un yine&nbsp;5.000 mAh&nbsp;pil kulland\u0131\u011f\u0131 g\u00f6r\u00fcl\u00fcyor.&nbsp;Buna ek olarak ise 25W h\u0131zl\u0131 \u015farj&nbsp;deste\u011fine sahip olaca\u011f\u0131 da elde edilen bilgiler aras\u0131ndad\u0131r.<\/p>\n\n\n\n<h3 class=\"wp-block-heading\">Ak\u0131ll\u0131 telefonun fiyat\u0131<\/h3>\n\n\n\n<p>Galaxy A13&nbsp;5G, muhtemel olarak d\u00f6rt farkl\u0131 renk se\u00e7ene\u011fi ile kullan\u0131c\u0131lar\u0131n kar\u015f\u0131s\u0131na \u00e7\u0131k\u0131yor. Bu renkler;&nbsp;siyah,&nbsp;beyaz,&nbsp;mavi&nbsp;ve&nbsp;k\u0131rm\u0131z\u0131&nbsp;olarak \u00e7e\u015fitli s\u0131z\u0131nt\u0131larla ortaya \u00e7\u0131kt\u0131.&nbsp;Zouton adl\u0131 bri web sitesinde cihaz\u0131n fiyat\u0131n\u0131n&nbsp;290 dolar&nbsp;olaca\u011f\u0131 dile getirildi.&nbsp;<\/p>\n","protected":false},"excerpt":{"rendered":"<p>G\u00fcney Kore merkezli ak\u0131ll\u0131 cihaz \u00fcreticilerinden&nbsp;Samsung, yeni b\u00fct\u00e7e dostu telefonu&nbsp;Galaxy A13 5G modelini kullan\u0131c\u0131lar\u0131n be\u011fenisine sundu.&nbsp; G\u00fcney Koreli \u015firket Samsung, yeni bir b\u00fct\u00e7e dostu \u00f6zelliklere sahip telefon \u00fczerinde \u00e7al\u0131\u015fmaya ba\u015flad\u0131.&nbsp;Galaxy A13 5G olarak adland\u0131r\u0131lan bu cihaz, \u015firketin \u015fu ana kadar ki piyasaya \u00e7\u0131kard\u0131\u011f\u0131 en ucuz 5G ak\u0131ll\u0131 cep telefonlardan biri oldu.&nbsp;Galaxy A12&#8217;nin halefi olarak gelecek [&hellip;]<\/p>\n","protected":false},"author":7,"featured_media":2647,"comment_status":"open","ping_status":"closed","sticky":false,"template":"","format":"standard","meta":{"footnotes":""},"categories":[60,61,46,1],"tags":[174,389],"class_list":["post-2644","post","type-post","status-publish","format-standard","has-post-thumbnail","hentry","category-android","category-ios","category-mobil","category-teknoloji","tag-samsung","tag-samsung-galaxy-a13"],"_links":{"self":[{"href":"https:\/\/www.indir.com\/haber\/wp-json\/wp\/v2\/posts\/2644","targetHints":{"allow":["GET"]}}],"collection":[{"href":"https:\/\/www.indir.com\/haber\/wp-json\/wp\/v2\/posts"}],"about":[{"href":"https:\/\/www.indir.com\/haber\/wp-json\/wp\/v2\/types\/post"}],"author":[{"embeddable":true,"href":"https:\/\/www.indir.com\/haber\/wp-json\/wp\/v2\/users\/7"}],"replies":[{"embeddable":true,"href":"https:\/\/www.indir.com\/haber\/wp-json\/wp\/v2\/comments?post=2644"}],"version-history":[{"count":0,"href":"https:\/\/www.indir.com\/haber\/wp-json\/wp\/v2\/posts\/2644\/revisions"}],"wp:featuredmedia":[{"embeddable":true,"href":"https:\/\/www.indir.com\/haber\/wp-json\/wp\/v2\/media\/2647"}],"wp:attachment":[{"href":"https:\/\/www.indir.com\/haber\/wp-json\/wp\/v2\/media?parent=2644"}],"wp:term":[{"taxonomy":"category","embeddable":true,"href":"https:\/\/www.indir.com\/haber\/wp-json\/wp\/v2\/categories?post=2644"},{"taxonomy":"post_tag","embeddable":true,"href":"https:\/\/www.indir.com\/haber\/wp-json\/wp\/v2\/tags?post=2644"}],"curies":[{"name":"wp","href":"https:\/\/api.w.org\/{rel}","templated":true}]}}