{"id":2568,"date":"2021-10-08T17:30:00","date_gmt":"2021-10-08T14:30:00","guid":{"rendered":"https:\/\/www.indir.com\/haber\/?p=2568"},"modified":"2021-10-08T14:38:21","modified_gmt":"2021-10-08T11:38:21","slug":"ios-uygulamalarinda-hesap-silme-secenegi-ne-zaman-sart-olacak","status":"publish","type":"post","link":"https:\/\/www.indir.com\/haber\/ios-uygulamalarinda-hesap-silme-secenegi-ne-zaman-sart-olacak\/","title":{"rendered":"IOS uygulamalar\u0131nda hesap silme se\u00e7ene\u011fi ne zaman \u015fart olacak?"},"content":{"rendered":"\n<p>Apple uygulama ma\u011fazas\u0131nda geli\u015ftiriciler i\u00e7in yeni bir zorunluluk daha getiriyor. Yeni d\u00f6nemde uygulamalarda hesap silme se\u00e7ene\u011fi zorunlu olarak yer alacak.<\/p>\n\n\n\n<p>Uygulama ma\u011fazas\u0131ndaki kat\u0131 kurallar\u0131 ve \u015fartlar\u0131 nedeniyle zaman zaman ele\u015ftiri alan Apple, kullan\u0131c\u0131lar ad\u0131na \u00f6nemli bir g\u00fcncellemeyi daha yapmaya haz\u0131rlan\u0131yor. Konu ile ilgili elde edilen bilgilerde iOS uygulama geli\u015ftiricilerinden hesap sisteminin oldu\u011fu uygulamalarda hesap a\u00e7ma ve hesap silme gibi yeni se\u00e7eneklerin yer almas\u0131 isteniyor. Apple taraf\u0131ndan yap\u0131lan a\u00e7\u0131klamalara g\u00f6re \u00fcstelik mevcut sorumluluk sadece cep telefonlar\u0131 uygulama ma\u011fazas\u0131 ile s\u0131n\u0131rl\u0131 olmayacak. iPadOS ve macOS i\u015fletim sisteminde \u00e7al\u0131\u015fan t\u00fcm uygulamalarda hesap silme se\u00e7ene\u011finin olmas\u0131 zorunlu olacak. Uygulama geli\u015ftiricileri konu ile ilgili bilgilendiren ve uyum a\u015famas\u0131n\u0131 ba\u015flatan Apple \u00fcstelik yeni y\u0131l itibar\u0131 ile bu yeni d\u00f6nemi resmen ba\u015flatacak.<\/p>\n\n\n\n<h2 class=\"wp-block-heading\">31 Ocak\u2019tan sonra zorunlu olacak<\/h2>\n\n\n\n<p>Resmi a\u00e7\u0131klamalara g\u00f6re hesap silme se\u00e7ene\u011finin yer almas\u0131 i\u00e7in uygulamalar\u0131n 31 Ocak 2022 tarihine kadar gerekli d\u00fczenlemeleri yapmas\u0131 gerekecek. Hesap olu\u015fturulabilen t\u00fcm uygulamalarda ge\u00e7erli olacak yeni d\u00fczenlemeye uyum sa\u011flanmamas\u0131 halinde Apple uygulama politikalar\u0131 ve \u015fartlar\u0131 dahilinde farkl\u0131 yapt\u0131r\u0131mlar uygulayabilecek.<\/p>\n\n\n\n<p>\u0130lk olarak Haziran ay\u0131nda yap\u0131lan Geli\u015ftirici Konferans\u0131&#8217;nda duyurulan bu yenilik, \u015fimdi Apple taraf\u0131ndan daha kapsaml\u0131 bir \u015fekilde a\u00e7\u0131kland\u0131. Kullan\u0131c\u0131 verileri \u00fczerinde kullan\u0131c\u0131lar\u0131 daha etkin bir hale getirmek isteyen Apple, \u00f6zellikle kullan\u0131lmayan ya da kullanmaya devam edilmek istenmeyen uygulamalardaki hesaplar\u0131 tamamen silme imkana getirerek kullan\u0131c\u0131 dostu olmaya devam ediyor.<\/p>\n\n\n\n<h2 class=\"wp-block-heading\">Uygulamalarla t\u00fcm ili\u015fkiler kesilebilecek<\/h2>\n\n\n\n<p>Yeni se\u00e7ene\u011fin kullan\u0131c\u0131lar\u0131 i\u00e7in sa\u011flayaca\u011f\u0131 en \u00f6nemli avantajlardan bir tanesi uygulama ile t\u00fcm ili\u015fkinin kesilebilecek olmas\u0131. Uygulamalarda hesap olu\u015fturan kullan\u0131c\u0131lar zaman zaman e-posta adresi ve telefon numaras\u0131 gibi bilgileri payla\u015fmak zorunda kalabiliyor. Uygulamalarda ya\u015fanacak sald\u0131r\u0131larda ya da g\u00fcvenlik a\u00e7\u0131klar\u0131nda ise kullan\u0131c\u0131lar\u0131n bu bilgilerinin payla\u015f\u0131lmas\u0131 ve ele ge\u00e7irilme riski vard\u0131. Ancak art\u0131k kullan\u0131c\u0131lar kullanmad\u0131\u011f\u0131 t\u00fcm uygulamalarda hesap silme se\u00e7ene\u011fi ile kolay bir \u015fekilde izini kaybettirebilecek ve t\u00fcm ili\u015fi\u011fini kesebilecek.<\/p>\n\n\n\n<p>Hesap silmenin d\u0131\u015f\u0131nda uygulama ma\u011fazalar\u0131nda getirilen bir di\u011fer yenilik ise sorun bildir butonu oldu. iOS 15 g\u00fcncellemeleri ile birlikte uygulama ma\u011fazas\u0131na eklenen bu buton b\u00f6ylece kullan\u0131c\u0131lar\u0131n ya\u015fad\u0131\u011f\u0131 sorunlarda Apple\u2019a bildirim yapmas\u0131n\u0131 ve destek almas\u0131n\u0131 kolayla\u015ft\u0131r\u0131yor.&nbsp;<\/p>\n","protected":false},"excerpt":{"rendered":"<p>Apple uygulama ma\u011fazas\u0131nda geli\u015ftiriciler i\u00e7in yeni bir zorunluluk daha getiriyor. Yeni d\u00f6nemde uygulamalarda hesap silme se\u00e7ene\u011fi zorunlu olarak yer alacak. Uygulama ma\u011fazas\u0131ndaki kat\u0131 kurallar\u0131 ve \u015fartlar\u0131 nedeniyle zaman zaman ele\u015ftiri alan Apple, kullan\u0131c\u0131lar ad\u0131na \u00f6nemli bir g\u00fcncellemeyi daha yapmaya haz\u0131rlan\u0131yor. Konu ile ilgili elde edilen bilgilerde iOS uygulama geli\u015ftiricilerinden hesap sisteminin oldu\u011fu uygulamalarda hesap a\u00e7ma [&hellip;]<\/p>\n","protected":false},"author":6,"featured_media":2569,"comment_status":"open","ping_status":"closed","sticky":false,"template":"","format":"standard","meta":{"footnotes":""},"categories":[61],"tags":[380,102],"class_list":["post-2568","post","type-post","status-publish","format-standard","has-post-thumbnail","hentry","category-ios","tag-hesap-silme","tag-ios"],"_links":{"self":[{"href":"https:\/\/www.indir.com\/haber\/wp-json\/wp\/v2\/posts\/2568","targetHints":{"allow":["GET"]}}],"collection":[{"href":"https:\/\/www.indir.com\/haber\/wp-json\/wp\/v2\/posts"}],"about":[{"href":"https:\/\/www.indir.com\/haber\/wp-json\/wp\/v2\/types\/post"}],"author":[{"embeddable":true,"href":"https:\/\/www.indir.com\/haber\/wp-json\/wp\/v2\/users\/6"}],"replies":[{"embeddable":true,"href":"https:\/\/www.indir.com\/haber\/wp-json\/wp\/v2\/comments?post=2568"}],"version-history":[{"count":0,"href":"https:\/\/www.indir.com\/haber\/wp-json\/wp\/v2\/posts\/2568\/revisions"}],"wp:featuredmedia":[{"embeddable":true,"href":"https:\/\/www.indir.com\/haber\/wp-json\/wp\/v2\/media\/2569"}],"wp:attachment":[{"href":"https:\/\/www.indir.com\/haber\/wp-json\/wp\/v2\/media?parent=2568"}],"wp:term":[{"taxonomy":"category","embeddable":true,"href":"https:\/\/www.indir.com\/haber\/wp-json\/wp\/v2\/categories?post=2568"},{"taxonomy":"post_tag","embeddable":true,"href":"https:\/\/www.indir.com\/haber\/wp-json\/wp\/v2\/tags?post=2568"}],"curies":[{"name":"wp","href":"https:\/\/api.w.org\/{rel}","templated":true}]}}