{"id":2387,"date":"2021-10-07T10:30:00","date_gmt":"2021-10-07T07:30:00","guid":{"rendered":"https:\/\/www.indir.com\/haber\/?p=2387"},"modified":"2021-10-07T00:57:35","modified_gmt":"2021-10-06T21:57:35","slug":"mark-zuckerberg-hakkindaki-iddialari-yalanladi","status":"publish","type":"post","link":"https:\/\/www.indir.com\/haber\/mark-zuckerberg-hakkindaki-iddialari-yalanladi\/","title":{"rendered":"Mark Zuckerberg hakk\u0131ndaki iddialar\u0131 yalanlad\u0131"},"content":{"rendered":"\n<p>Facebook CEO&#8217;su Mark Zuckerberg, eski \u00e7al\u0131\u015fan\u0131 taraf\u0131ndan ABD Kongresi&#8217;ne kadar giden su\u00e7lamalara yan\u0131t verdi. Birka\u00e7 g\u00fcn \u00f6ncesinde sosyal medya tarihinin en b\u00fcy\u00fck kesintilerinden birini ya\u015fayan sosyal medya devi Facebook, yine olduk\u00e7a hareketli g\u00fcnler ge\u00e7iriyor. \u015eirket bir yandan 4 Ekim&#8217;deki skandal\u0131n yans\u0131malar\u0131yla u\u011fra\u015f\u0131rken, di\u011fer yandan CEO Mark Zuckerberg ile ilgili iddialarla u\u011fra\u015f\u0131yor. Hakk\u0131ndaki su\u00e7lamalar kar\u015f\u0131s\u0131nda sessiz kalamayan Mark Zuckerberg, yapt\u0131\u011f\u0131 bir payla\u015f\u0131mla iddialar\u0131 yalanlad\u0131. Frances Haugen&#8217;in ABD Kongresi&#8217;ne yapt\u0131\u011f\u0131 a\u00e7\u0131klamaya at\u0131fta bulunan  Zuckerberg, s\u00f6ylenenleri &#8220;\u00e7\u0131lg\u0131n sa\u00e7mal\u0131k&#8221; olarak nitelendirdi.<\/p>\n\n\n\n<h2 class=\"wp-block-heading\">Mark Zuckerberg iddialar\u0131n merkezinde<\/h2>\n\n\n\n<p>Her \u015fey eski bir Facebook \u00e7al\u0131\u015fan\u0131 ve veri analisti olan Frances Haugen&#8217;in baz\u0131 dahili belgeleri s\u0131zd\u0131rmas\u0131yla ba\u015flad\u0131. \u00dcst d\u00fczey y\u00f6neticilere ait baz\u0131 yaz\u0131\u015fmalar\u0131 i\u00e7eren belgeler; Sosyal medya devinin platformda g\u00fcvenli\u011fi ikinci plana nas\u0131l koydu\u011funu g\u00f6zler \u00f6n\u00fcne seriyor. \u0130ddialar\u0131n merkezindeki isim ise Mark Zuckerberg.<\/p>\n\n\n\n<p><a href=\"https:\/\/www.indir.com\/haberler\/mark-zuckerberg-guvenligi-icin-dev-butce\">Mark Zuckerberg g\u00fcvenli\u011fi i\u00e7in dev b\u00fct\u00e7e<\/a><\/p>\n\n\n\n<p>Haugen belgelerine g\u00f6re, Mark Zuckerberg&#8217;inde i\u00e7inde yer ald\u0131\u011f\u0131 \u00fcst d\u00fczey y\u00f6netim, bir\u00e7ok y\u00fcksek profilli ki\u015finin eylemlerini g\u00f6rmezden geliyor. \u00d6zellikle \u015fark\u0131c\u0131, oyuncu gibi milyonlar\u0131 takip eden ki\u015filere kar\u015f\u0131 \u00e7\u0131kan Facebook, di\u011fer kullan\u0131c\u0131lar\u0131n g\u00fcvenli\u011fini riske at\u0131yor. ABD Kongresi&#8217;ne yapt\u0131\u011f\u0131 a\u00e7\u0131klamada bu s\u00f6ylemleri tekrarlayan analist, ana motivasyon olarak paray\u0131 g\u00f6sterdi.<br><\/p>\n\n\n\n<blockquote class=\"wp-block-quote is-layout-flow wp-block-quote-is-layout-flow\"><p>Uzun bir s\u00fcredir yapt\u0131\u011f\u0131 hamlelerle ele\u015ftirilerin merkezinde yer alan Mark Zuckerberg, su\u00e7lamalara daha fazla dayanamad\u0131 ve baz\u0131 a\u00e7\u0131klamalarda bulundu. Facebook CEO&#8217;su \u015f\u00f6yle a\u00e7\u0131kl\u0131yor: &nbsp;\u201cBu su\u00e7lamalar\u0131n temelinde paray\u0131 g\u00fcvenlik ve esenli\u011fe tercih etti\u011fimiz fikri yat\u0131yor. Bu do\u011fru de\u011fil. Facebook kullan\u0131c\u0131lar\u0131n\u0131n refah\u0131n\u0131 korumak i\u00e7in tasarlanm\u0131\u015fken, nas\u0131l k\u00f6t\u00fc \u015feyler yapabilir? \u00d6rne\u011fin, Haber Kayna\u011f\u0131\u2019na Anlaml\u0131 Sosyal Etkile\u015fimler de\u011fi\u015fikli\u011fini tan\u0131tt\u0131\u011f\u0131m\u0131z zaman sorgulanan bir hareket oldu.&#8221;<\/p><\/blockquote>\n\n\n\n<p>Bu durum, daha az viral video ve arkada\u015flardan ve aileden daha fazla i\u00e7erik g\u00f6sterdi. Tabi ki de bunun kullan\u0131c\u0131lar\u0131n platform i\u00e7erisinde daha az zaman harcayaca\u011f\u0131 anlam\u0131na gelece\u011fini biliyorduk. Fakat yap\u0131lan ara\u015ft\u0131rmalar \u00e7o\u011funun iyili\u011fi i\u00e7in bunun do\u011fru oldu\u011funu g\u00f6steriyor. Bu, kullan\u0131c\u0131lar\u0131ndan daha fazla k\u00e2r etmeye odaklanan bir \u015firketin yapaca\u011f\u0131 bir \u015fey mi?<br><\/p>\n\n\n\n<blockquote class=\"wp-block-quote is-layout-flow wp-block-quote-is-layout-flow\"><p>Frances Haugen&#8217;in arg\u00fcmanlar\u0131yla ilgili sorunum; \u00c7ok iyi niyetli programlar\u0131m\u0131z olmas\u0131na ra\u011fmen onlar\u0131 g\u00f6rmezden geliyor. Ayn\u0131 zamanda uzmanl\u0131k alanlar\u0131 hakk\u0131nda eksik bilgilerle anlams\u0131z ve delice su\u00e7lamalarda bulunuyor.\u201d Soru \u015fu: Yap\u0131lan a\u00e7\u0131klamalar insanlar\u0131 ikna edecek mi?&#8221;<\/p><\/blockquote>\n","protected":false},"excerpt":{"rendered":"<p>Facebook CEO&#8217;su Mark Zuckerberg, eski \u00e7al\u0131\u015fan\u0131 taraf\u0131ndan ABD Kongresi&#8217;ne kadar giden su\u00e7lamalara yan\u0131t verdi. Birka\u00e7 g\u00fcn \u00f6ncesinde sosyal medya tarihinin en b\u00fcy\u00fck kesintilerinden birini ya\u015fayan sosyal medya devi Facebook, yine olduk\u00e7a hareketli g\u00fcnler ge\u00e7iriyor. \u015eirket bir yandan 4 Ekim&#8217;deki skandal\u0131n yans\u0131malar\u0131yla u\u011fra\u015f\u0131rken, di\u011fer yandan CEO Mark Zuckerberg ile ilgili iddialarla u\u011fra\u015f\u0131yor. Hakk\u0131ndaki su\u00e7lamalar kar\u015f\u0131s\u0131nda sessiz [&hellip;]<\/p>\n","protected":false},"author":10,"featured_media":2388,"comment_status":"open","ping_status":"open","sticky":false,"template":"","format":"standard","meta":{"footnotes":""},"categories":[1],"tags":[106,339,338],"class_list":["post-2387","post","type-post","status-publish","format-standard","has-post-thumbnail","hentry","category-teknoloji","tag-facebook","tag-mark-zuckerberg","tag-mark-zuckerberg-hakkindaki-iddialari-yalanladi"],"_links":{"self":[{"href":"https:\/\/www.indir.com\/haber\/wp-json\/wp\/v2\/posts\/2387","targetHints":{"allow":["GET"]}}],"collection":[{"href":"https:\/\/www.indir.com\/haber\/wp-json\/wp\/v2\/posts"}],"about":[{"href":"https:\/\/www.indir.com\/haber\/wp-json\/wp\/v2\/types\/post"}],"author":[{"embeddable":true,"href":"https:\/\/www.indir.com\/haber\/wp-json\/wp\/v2\/users\/10"}],"replies":[{"embeddable":true,"href":"https:\/\/www.indir.com\/haber\/wp-json\/wp\/v2\/comments?post=2387"}],"version-history":[{"count":0,"href":"https:\/\/www.indir.com\/haber\/wp-json\/wp\/v2\/posts\/2387\/revisions"}],"wp:featuredmedia":[{"embeddable":true,"href":"https:\/\/www.indir.com\/haber\/wp-json\/wp\/v2\/media\/2388"}],"wp:attachment":[{"href":"https:\/\/www.indir.com\/haber\/wp-json\/wp\/v2\/media?parent=2387"}],"wp:term":[{"taxonomy":"category","embeddable":true,"href":"https:\/\/www.indir.com\/haber\/wp-json\/wp\/v2\/categories?post=2387"},{"taxonomy":"post_tag","embeddable":true,"href":"https:\/\/www.indir.com\/haber\/wp-json\/wp\/v2\/tags?post=2387"}],"curies":[{"name":"wp","href":"https:\/\/api.w.org\/{rel}","templated":true}]}}