{"id":21268,"date":"2022-04-14T14:15:00","date_gmt":"2022-04-14T11:15:00","guid":{"rendered":"https:\/\/www.indir.com\/haber\/?p=21268"},"modified":"2022-04-14T13:51:14","modified_gmt":"2022-04-14T10:51:14","slug":"iphone-13-pronun-merkezde-oldugu-makro-fotograf-yarismasinin-kazanlari-belli-oldu","status":"publish","type":"post","link":"https:\/\/www.indir.com\/haber\/iphone-13-pronun-merkezde-oldugu-makro-fotograf-yarismasinin-kazanlari-belli-oldu\/","title":{"rendered":"iPhone 13 Pro&#8217;nun merkezde oldu\u011fu makro foto\u011fraf yar\u0131\u015fmas\u0131n\u0131n kazanlar\u0131 belli oldu"},"content":{"rendered":"\n<p>Teknoloji d\u00fcnyas\u0131n\u0131n ba\u015far\u0131l\u0131 isimlerinden Apple, ge\u00e7ti\u011fimiz aylar i\u00e7erisinde&nbsp;iPhone 13 Pro \/ Pro Max sahipleri aras\u0131nda bir makro foto\u011fraf yar\u0131\u015fmas\u0131 ger\u00e7ekle\u015ftirmi\u015fti.&nbsp;iPhone 13 Pro ve 13 Pro Max modelleri, hat\u0131rlatmak gerekirse&nbsp;Apple\u2019\u0131n ultra geni\u015f a\u00e7\u0131 kamera \u00fczerinden makro foto\u011fraf \u00e7ekme \u00f6zelli\u011fine sahip ilk telefonlar\u0131 konumunda yer al\u0131yor.&nbsp;<\/p>\n\n\n\n<p>S\u00f6z konusu bu telefonlar \u00f6zelinde&nbsp;bir \u201cShot on iPhone Macro Challenge\u201d foto\u011fraf yar\u0131\u015fmas\u0131 ger\u00e7ekle\u015ftiren Apple, kullan\u0131c\u0131lardan \u00e7ektikleri makro foto\u011fraflar\u0131 payla\u015fmas\u0131n\u0131 istemi\u015fti ve bu payla\u015f\u0131m s\u00fcreci tam olarak ise&nbsp;16 \u015eubat tarihinde bitmi\u015fti. Bug\u00fcn i\u00e7erisinde sonu\u00e7lar\u0131 a\u00e7\u0131klanan yar\u0131\u015fman\u0131n kazananlar\u0131 resmi olarak belirtildi.&nbsp;Anand Varma, Apeksha Maker, Peter McKinnon, Paddy Chao, Yik Keat Lee, Arem Duplessis, Billy Sorrentino, Della Huff, Kaiann Drance ve Pamela Chen gibi isimlerin j\u00fcri olarak g\u00f6rev yapt\u0131\u011f\u0131 yar\u0131\u015fma i\u00e7erisinde, ger\u00e7ekten de dikkat \u00e7ekici foto\u011fraflara \u00f6d\u00fcller verildi.&nbsp;<\/p>\n\n\n\n<figure class=\"wp-block-image size-full\"><img loading=\"lazy\" decoding=\"async\" width=\"1280\" height=\"800\" src=\"https:\/\/www.indir.com\/haber\/wp-content\/uploads\/2022\/04\/18-1.jpg\" alt=\"\" class=\"wp-image-21273\" title=\"\" srcset=\"https:\/\/www.indir.com\/haber\/wp-content\/uploads\/2022\/04\/18-1.jpg 1280w, https:\/\/www.indir.com\/haber\/wp-content\/uploads\/2022\/04\/18-1-288x180.jpg 288w, https:\/\/www.indir.com\/haber\/wp-content\/uploads\/2022\/04\/18-1-768x480.jpg 768w\" sizes=\"auto, (max-width: 1280px) 100vw, 1280px\" \/><\/figure>\n\n\n\n<p>Apple&#8217;\u0131n resmi hesaplar\u0131nda ve reklamlar\u0131nda kullan\u0131lacak olan makro foto\u011fraflar, hi\u00e7 de s\u00fcrpriz olmad\u0131\u011f\u0131 \u015fekilde daha \u00e7ok do\u011fal objelere odaklan\u0131yor. Bu foto\u011fraflar\u0131 \u00e7eken ki\u015filere kullan\u0131m telifi \u00f6zelinde \u00f6demelerin yap\u0131laca\u011f\u0131 dile getirildi. Apple ve j\u00fcri \u00fcyeleri taraf\u0131ndan se\u00e7ilen t\u00fcm foto\u011fraflar, \u00f6d\u00fcllerini almaya haz\u0131r.&nbsp;<\/p>\n\n\n\n<p>Apple, iPhone 13 Pro ailesinin dikkat \u00e7eken makro \u00f6zelli\u011fini \u015fu \u015fekilde a\u00e7\u0131kl\u0131yor;&nbsp;\u201cYeniden tasarlanan lensi ve g\u00fc\u00e7l\u00fc otomatik netleme sistemi sayesinde yeni Ultra Geni\u015f kamera s\u00fcjenize 2 cm uzaktan odaklanabiliyor. Bu sayede en k\u00fc\u00e7\u00fck ayr\u0131nt\u0131lar\u0131n bile b\u00fcy\u00fcleyici g\u00f6r\u00fcnmesini sa\u011fl\u0131yor. Bir yapra\u011f\u0131 soyut sanata d\u00f6n\u00fc\u015ft\u00fcr\u00fcn. Bir t\u0131rt\u0131l\u0131n t\u00fcylerini \u00e7ekin. Bir \u00e7iy damlas\u0131n\u0131 kocaman g\u00f6sterin. K\u00fc\u00e7\u00fck \u015feylerin g\u00fczelli\u011fini ke\u015ffedin.\u201d&nbsp;<\/p>\n\n\n\n<p><a href=\"https:\/\/www.indir.com\/haber\/nubia-bu-sefer-daha-iddiali-redmagic-7-pro-tanitildi\/\" data-type=\"URL\" data-id=\"https:\/\/www.indir.com\/haber\/nubia-bu-sefer-daha-iddiali-redmagic-7-pro-tanitildi\/\">Nubia bu sefer daha iddial\u0131! RedMagic 7 Pro tan\u0131t\u0131ld\u0131<\/a><\/p>\n","protected":false},"excerpt":{"rendered":"<p>Teknoloji d\u00fcnyas\u0131n\u0131n ba\u015far\u0131l\u0131 isimlerinden Apple, ge\u00e7ti\u011fimiz aylar i\u00e7erisinde&nbsp;iPhone 13 Pro \/ Pro Max sahipleri aras\u0131nda bir makro foto\u011fraf yar\u0131\u015fmas\u0131 ger\u00e7ekle\u015ftirmi\u015fti.&nbsp;iPhone 13 Pro ve 13 Pro Max modelleri, hat\u0131rlatmak gerekirse&nbsp;Apple\u2019\u0131n ultra geni\u015f a\u00e7\u0131 kamera \u00fczerinden makro foto\u011fraf \u00e7ekme \u00f6zelli\u011fine sahip ilk telefonlar\u0131 konumunda yer al\u0131yor.&nbsp; S\u00f6z konusu bu telefonlar \u00f6zelinde&nbsp;bir \u201cShot on iPhone Macro Challenge\u201d foto\u011fraf [&hellip;]<\/p>\n","protected":false},"author":7,"featured_media":21274,"comment_status":"open","ping_status":"closed","sticky":false,"template":"","format":"standard","meta":{"footnotes":""},"categories":[61,46],"tags":[553],"class_list":["post-21268","post","type-post","status-publish","format-standard","has-post-thumbnail","hentry","category-ios","category-mobil","tag-iphone-13-pro"],"_links":{"self":[{"href":"https:\/\/www.indir.com\/haber\/wp-json\/wp\/v2\/posts\/21268","targetHints":{"allow":["GET"]}}],"collection":[{"href":"https:\/\/www.indir.com\/haber\/wp-json\/wp\/v2\/posts"}],"about":[{"href":"https:\/\/www.indir.com\/haber\/wp-json\/wp\/v2\/types\/post"}],"author":[{"embeddable":true,"href":"https:\/\/www.indir.com\/haber\/wp-json\/wp\/v2\/users\/7"}],"replies":[{"embeddable":true,"href":"https:\/\/www.indir.com\/haber\/wp-json\/wp\/v2\/comments?post=21268"}],"version-history":[{"count":0,"href":"https:\/\/www.indir.com\/haber\/wp-json\/wp\/v2\/posts\/21268\/revisions"}],"wp:featuredmedia":[{"embeddable":true,"href":"https:\/\/www.indir.com\/haber\/wp-json\/wp\/v2\/media\/21274"}],"wp:attachment":[{"href":"https:\/\/www.indir.com\/haber\/wp-json\/wp\/v2\/media?parent=21268"}],"wp:term":[{"taxonomy":"category","embeddable":true,"href":"https:\/\/www.indir.com\/haber\/wp-json\/wp\/v2\/categories?post=21268"},{"taxonomy":"post_tag","embeddable":true,"href":"https:\/\/www.indir.com\/haber\/wp-json\/wp\/v2\/tags?post=21268"}],"curies":[{"name":"wp","href":"https:\/\/api.w.org\/{rel}","templated":true}]}}