{"id":21232,"date":"2022-04-13T17:30:00","date_gmt":"2022-04-13T14:30:00","guid":{"rendered":"https:\/\/www.indir.com\/haber\/?p=21232"},"modified":"2022-04-13T15:23:52","modified_gmt":"2022-04-13T12:23:52","slug":"realme-q5-serisi-20-nisanda-cinde-piyasaya-surulecek","status":"publish","type":"post","link":"https:\/\/www.indir.com\/haber\/realme-q5-serisi-20-nisanda-cinde-piyasaya-surulecek\/","title":{"rendered":"Realme Q5 serisi 20 Nisan&#8217;da \u00c7in&#8217;de piyasaya s\u00fcr\u00fclecek"},"content":{"rendered":"\n<p>Realme Q5 serisine dair payla\u015f\u0131lan yeni raporlarda, \u015firketin 20 Nisan tarihi itibariyle yeni modelleri tan\u0131taca\u011f\u0131 belirtildi. 20 Nisan\u2019da \u00c7in\u2019de yap\u0131lacak tan\u0131t\u0131mlar ile piyasaya s\u00fcr\u00fclecek yeni seri, ard\u0131ndan Avrupa ve di\u011fer pazarlarda da yer alacak. Son d\u00f6nemlerde pek \u00e7ok farkl\u0131 iddia ile g\u00fcndeme gelen yeni modellere dair Realme taraf\u0131ndan yap\u0131lan a\u00e7\u0131klama t\u00fcm spek\u00fclasyonlar\u0131 ortadan kald\u0131rd\u0131. Realme Q5 ve Realme Q5 Pro olarak iki farkl\u0131 modeli piyasaya s\u00fcrecek olan \u015firket, farkl\u0131 versiyonlarla telefonlar\u0131 sat\u0131\u015fa \u00e7\u0131karacak.<\/p>\n\n\n\n<h2 class=\"wp-block-heading\">Realme Q5 serisi TENAA\u2019da g\u00f6r\u00fclm\u00fc\u015ft\u00fc<\/h2>\n\n\n\n<p>Realme Q5 serisi i\u00e7in yap\u0131lan \u00e7al\u0131\u015fmalarda seri RMX3372, RMX3574, RMX3571 ve RMX3575\/6 model numaralar\u0131yla TENAA\u2019da g\u00f6r\u00fclm\u00fc\u015ft\u00fc. TENAA listelemesi ile birlikte modellerde yer alacak pek \u00e7ok \u00f6zellik de a\u00e7\u0131\u011fa \u00e7\u0131kt\u0131. RMX3372 modeli, Realme Q5 Pro yer alacak. Cihaz, FHD+ \u00e7\u00f6z\u00fcn\u00fcrl\u00fc\u011fe sahip 6.62 in\u00e7 AMOLED ekran\u0131 kullanacak. \u00d6n kameras\u0131 16 megapiksel olan telefonun arka kameras\u0131nda ise 64 megapiksel + 8 megapiksel + 2 megapiksel olmak \u00fczere \u00fc\u00e7l\u00fc kamera bulunuyor. Telefona ana g\u00fc\u00e7 verecek donan\u0131m ise Snapdragon 870 i\u015flemci olacak. 12 GB&#8217;a kadar RAM ve 512 GB&#8217;a kadar dahili depolama alan\u0131na sahip olacak modelin batarya kapasitesi ise 5.000 mAh. Ekran i\u00e7i parmak izi taray\u0131c\u0131 ve ek depolama i\u00e7in microSD kart deste\u011fine sahip modelde, t\u00fcm bu \u00f6zellikler kullan\u0131c\u0131lar\u0131 tatmin edecek \u00f6zelliklere yer verildi\u011fini g\u00f6steriyor. Siyah, mavi ve turuncu olarak 3 renge sahip olacak Realme Q5 Pro, serinin en g\u00f6zde ve en \u00e7ok sat\u0131lan modeli olabilir.<\/p>\n\n\n\n<figure class=\"wp-block-image size-large is-resized\"><img loading=\"lazy\" decoding=\"async\" src=\"https:\/\/www.indir.com\/haber\/wp-content\/uploads\/2022\/04\/Realme-Q5-720x960.jpg\" alt=\"\" class=\"wp-image-21234\" width=\"720\" height=\"960\" title=\"\" srcset=\"https:\/\/www.indir.com\/haber\/wp-content\/uploads\/2022\/04\/Realme-Q5-720x960.jpg 720w, https:\/\/www.indir.com\/haber\/wp-content\/uploads\/2022\/04\/Realme-Q5-135x180.jpg 135w, https:\/\/www.indir.com\/haber\/wp-content\/uploads\/2022\/04\/Realme-Q5-768x1024.jpg 768w, https:\/\/www.indir.com\/haber\/wp-content\/uploads\/2022\/04\/Realme-Q5.jpg 960w\" sizes=\"auto, (max-width: 720px) 100vw, 720px\" \/><figcaption>Realme Q5 <\/figcaption><\/figure>\n\n\n\n<p>RMX3574 ise Realme Q5 (veya Q5i) ad\u0131yla tan\u0131t\u0131labilir. 6.58 in\u00e7 IPS FHD+ ekran, 8 megapiksel \u00f6n kamera, 13 megapiksel + 2 megapiksel \u00e7ift kamera sistemi, 2,4 GHz okta \u00e7ekirdekli i\u015flemci, 4 GB \/ 6 GB RAM&#8217;e, 128 GB dahili bellek se\u00e7enekleriyle gelecek yeni modelde pil kapasitesi ise 5.000 mAh.<\/p>\n\n\n\n<p>20 Nisan\u2019da yap\u0131lacak tan\u0131t\u0131mlarda Realme Q5 serisine dair t\u00fcm detaylar a\u00e7\u0131\u011fa \u00e7\u0131kacak. Telefonun di\u011fer pazarlardaki sat\u0131\u015f s\u00fcreci ve fiyat\u0131 da tan\u0131t\u0131mda a\u00e7\u0131\u011fa \u00e7\u0131kacak. Yap\u0131lacak bu a\u00e7\u0131klamalar, telefonun pazarda ne kadar ilgi g\u00f6rece\u011fini de ortaya koyacak.<\/p>\n","protected":false},"excerpt":{"rendered":"<p>Realme Q5 serisine dair payla\u015f\u0131lan yeni raporlarda, \u015firketin 20 Nisan tarihi itibariyle yeni modelleri tan\u0131taca\u011f\u0131 belirtildi. 20 Nisan\u2019da \u00c7in\u2019de yap\u0131lacak tan\u0131t\u0131mlar ile piyasaya s\u00fcr\u00fclecek yeni seri, ard\u0131ndan Avrupa ve di\u011fer pazarlarda da yer alacak. Son d\u00f6nemlerde pek \u00e7ok farkl\u0131 iddia ile g\u00fcndeme gelen yeni modellere dair Realme taraf\u0131ndan yap\u0131lan a\u00e7\u0131klama t\u00fcm spek\u00fclasyonlar\u0131 ortadan kald\u0131rd\u0131. Realme [&hellip;]<\/p>\n","protected":false},"author":6,"featured_media":21233,"comment_status":"open","ping_status":"closed","sticky":false,"template":"","format":"standard","meta":{"footnotes":""},"categories":[46],"tags":[],"class_list":["post-21232","post","type-post","status-publish","format-standard","has-post-thumbnail","hentry","category-mobil"],"_links":{"self":[{"href":"https:\/\/www.indir.com\/haber\/wp-json\/wp\/v2\/posts\/21232","targetHints":{"allow":["GET"]}}],"collection":[{"href":"https:\/\/www.indir.com\/haber\/wp-json\/wp\/v2\/posts"}],"about":[{"href":"https:\/\/www.indir.com\/haber\/wp-json\/wp\/v2\/types\/post"}],"author":[{"embeddable":true,"href":"https:\/\/www.indir.com\/haber\/wp-json\/wp\/v2\/users\/6"}],"replies":[{"embeddable":true,"href":"https:\/\/www.indir.com\/haber\/wp-json\/wp\/v2\/comments?post=21232"}],"version-history":[{"count":0,"href":"https:\/\/www.indir.com\/haber\/wp-json\/wp\/v2\/posts\/21232\/revisions"}],"wp:featuredmedia":[{"embeddable":true,"href":"https:\/\/www.indir.com\/haber\/wp-json\/wp\/v2\/media\/21233"}],"wp:attachment":[{"href":"https:\/\/www.indir.com\/haber\/wp-json\/wp\/v2\/media?parent=21232"}],"wp:term":[{"taxonomy":"category","embeddable":true,"href":"https:\/\/www.indir.com\/haber\/wp-json\/wp\/v2\/categories?post=21232"},{"taxonomy":"post_tag","embeddable":true,"href":"https:\/\/www.indir.com\/haber\/wp-json\/wp\/v2\/tags?post=21232"}],"curies":[{"name":"wp","href":"https:\/\/api.w.org\/{rel}","templated":true}]}}