{"id":2098,"date":"2021-10-06T09:50:13","date_gmt":"2021-10-06T06:50:13","guid":{"rendered":"https:\/\/www.indir.com\/haber\/?p=2098"},"modified":"2021-10-06T09:50:16","modified_gmt":"2021-10-06T06:50:16","slug":"android-12-ile-gelecek-ilk-realme-modeli-hangisi","status":"publish","type":"post","link":"https:\/\/www.indir.com\/haber\/android-12-ile-gelecek-ilk-realme-modeli-hangisi\/","title":{"rendered":"Android 12 ile gelecek ilk Realme modeli hangisi?"},"content":{"rendered":"\n<p>Android 12 g\u00fcncellemesini resmi olarak kullan\u0131c\u0131lar\u0131n deneyimine sunan \u015firket,&nbsp;realme UI 3.0 g\u00fcncellemesi i\u00e7in net bir tarih verdi.&nbsp;<\/p>\n\n\n\n<p>Ge\u00e7ti\u011fimiz ay i\u00e7erisinde GT Neo 2modelinin tan\u0131t\u0131m\u0131n\u0131 ger\u00e7ekle\u015ftiren realme, Android 12 tabanl\u0131&nbsp;realme UI 3.0 aray\u00fcz\u00fcn\u00fcn tan\u0131t\u0131m\u0131n\u0131 yapmak i\u00e7in haz\u0131rl\u0131klar yapmaya ba\u015flad\u0131. Ekim ay\u0131 i\u00e7erisinde tan\u0131t\u0131m\u0131 yap\u0131lacak olan&nbsp;realme UI 3.0 ile sunulacak olan model belli oldu. D\u00fcn resmi bir \u015fekilde kullan\u0131c\u0131lar\u0131n be\u011fenisine sunulan Android 12, pek \u00e7ok ki\u015fi taraf\u0131ndan heyecanla bekleniyor.&nbsp;Realme, Android 12 g\u00fcncellemesini kullan\u0131c\u0131lar\u0131n deneyimine sunaca\u011f\u0131 tarihi a\u00e7\u0131klad\u0131.<\/p>\n\n\n\n<h2 class=\"wp-block-heading\">realme GT 5G, realme UI 3.0 ile \u00fcretilen ilk cihaz olacak<\/h2>\n\n\n\n<p>Aray\u00fcz\u00fcn\u00fc \u00fc\u00e7\u00fcnc\u00fc b\u00fcy\u00fck g\u00fcncelleme ile beraber gelen realme, GT 5G modelini g\u00fcncellemesini ilk alacak olan cihaz olarak belirlendi. Android 12 g\u00fcncellemesini kullan\u0131c\u0131lar\u0131n deneyimine sunacak olan ilk \u015firketler aras\u0131nda yer ald\u0131\u011f\u0131n\u0131 dile getiren&nbsp;realme, aray\u00fcz tasar\u0131m\u0131nda \u00e7e\u015fitli de\u011fi\u015fiklikler yapacak.&nbsp;8 ve 12 GB RAM se\u00e7enekleriyle tan\u0131t\u0131m\u0131 yap\u0131lan realme GT Neo 2 modeli konu ile ilgili olan s\u0131z\u0131nt\u0131lara g\u00f6re Android 12 tabanl\u0131&nbsp;realme UI 3.0 ile sunulacak. realme UI 3.0 g\u00fcncellemesi,&nbsp;13 Ekim\u2019de kullan\u0131c\u0131lar\u0131n kar\u015f\u0131s\u0131na \u00e7\u0131kacak. \u015eirketin gelecek hafta i\u00e7erisinde&nbsp;realme UI 3.0 g\u00fcncellemesine sahip olacak olan cihaz listesini yay\u0131nlamas\u0131 beklentiler aras\u0131ndad\u0131r.&nbsp;realme GT 5G ile ilgili olarak elde edilen bilgiler \u015fu an i\u00e7in bunlarla k\u0131s\u0131tl\u0131 olup, yak\u0131n zaman i\u00e7erisinde daha detayl\u0131 bilgilerin elde edilmesi bekleniyor.&nbsp;<br><\/p>\n","protected":false},"excerpt":{"rendered":"<p>Android 12 g\u00fcncellemesini resmi olarak kullan\u0131c\u0131lar\u0131n deneyimine sunan \u015firket,&nbsp;realme UI 3.0 g\u00fcncellemesi i\u00e7in net bir tarih verdi.&nbsp; Ge\u00e7ti\u011fimiz ay i\u00e7erisinde GT Neo 2modelinin tan\u0131t\u0131m\u0131n\u0131 ger\u00e7ekle\u015ftiren realme, Android 12 tabanl\u0131&nbsp;realme UI 3.0 aray\u00fcz\u00fcn\u00fcn tan\u0131t\u0131m\u0131n\u0131 yapmak i\u00e7in haz\u0131rl\u0131klar yapmaya ba\u015flad\u0131. Ekim ay\u0131 i\u00e7erisinde tan\u0131t\u0131m\u0131 yap\u0131lacak olan&nbsp;realme UI 3.0 ile sunulacak olan model belli oldu. D\u00fcn resmi bir [&hellip;]<\/p>\n","protected":false},"author":7,"featured_media":2099,"comment_status":"open","ping_status":"open","sticky":false,"template":"","format":"standard","meta":{"footnotes":""},"categories":[60,46],"tags":[291],"class_list":["post-2098","post","type-post","status-publish","format-standard","has-post-thumbnail","hentry","category-android","category-mobil","tag-android-12"],"_links":{"self":[{"href":"https:\/\/www.indir.com\/haber\/wp-json\/wp\/v2\/posts\/2098","targetHints":{"allow":["GET"]}}],"collection":[{"href":"https:\/\/www.indir.com\/haber\/wp-json\/wp\/v2\/posts"}],"about":[{"href":"https:\/\/www.indir.com\/haber\/wp-json\/wp\/v2\/types\/post"}],"author":[{"embeddable":true,"href":"https:\/\/www.indir.com\/haber\/wp-json\/wp\/v2\/users\/7"}],"replies":[{"embeddable":true,"href":"https:\/\/www.indir.com\/haber\/wp-json\/wp\/v2\/comments?post=2098"}],"version-history":[{"count":0,"href":"https:\/\/www.indir.com\/haber\/wp-json\/wp\/v2\/posts\/2098\/revisions"}],"wp:featuredmedia":[{"embeddable":true,"href":"https:\/\/www.indir.com\/haber\/wp-json\/wp\/v2\/media\/2099"}],"wp:attachment":[{"href":"https:\/\/www.indir.com\/haber\/wp-json\/wp\/v2\/media?parent=2098"}],"wp:term":[{"taxonomy":"category","embeddable":true,"href":"https:\/\/www.indir.com\/haber\/wp-json\/wp\/v2\/categories?post=2098"},{"taxonomy":"post_tag","embeddable":true,"href":"https:\/\/www.indir.com\/haber\/wp-json\/wp\/v2\/tags?post=2098"}],"curies":[{"name":"wp","href":"https:\/\/api.w.org\/{rel}","templated":true}]}}