{"id":20250,"date":"2022-04-01T17:30:00","date_gmt":"2022-04-01T14:30:00","guid":{"rendered":"https:\/\/www.indir.com\/haber\/?p=20250"},"modified":"2022-04-01T14:47:01","modified_gmt":"2022-04-01T11:47:01","slug":"oppo-f21-pro-f21-pro-5gnin-tum-ozellikleri-aciklandi","status":"publish","type":"post","link":"https:\/\/www.indir.com\/haber\/oppo-f21-pro-f21-pro-5gnin-tum-ozellikleri-aciklandi\/","title":{"rendered":"OPPO F21 Pro, F21 Pro 5G&#8217;nin t\u00fcm \u00f6zellikleri a\u00e7\u0131kland\u0131"},"content":{"rendered":"\n<p>Oppo F21 Pro, F21 Pro 5G olarak tan\u0131t\u0131lacak ak\u0131ll\u0131 telefonlar lansman \u00f6ncesinde t\u00fcm \u00f6zellikleri ile a\u00e7\u0131\u011fa \u00e7\u0131kt\u0131.&nbsp;Sudhansu Ambhore taraf\u0131ndan yap\u0131lan s\u0131z\u0131nt\u0131lar sayesinde telefonda yer alacak \u00f6zellikler payla\u015f\u0131ld\u0131.&nbsp;<\/p>\n\n\n\n<h2 class=\"wp-block-heading\">OPPO F21 Pro teknik \u00f6zellikleri neler?<\/h2>\n\n\n\n<p>Oppo taraf\u0131ndan resmi bir \u015fekilde payla\u015f\u0131lmam\u0131\u015f olsa da s\u0131zd\u0131r\u0131lan bilgilere g\u00f6re F21 Pro modelinde Full HD+ \u00e7\u00f6z\u00fcn\u00fcrl\u00fck ve 90Hz yenileme h\u0131z\u0131 sunan 6.43 in\u00e7 AMOLED ekran olacak. Cihaz, 32 megapiksel Sony IMX709 \u00f6n kamera ve 64 megapiksel (ana) + 2 megapiksel (derinlik) + 2 megapiksel (mikrolens) \u00fc\u00e7l\u00fc kamera kurulumu ile gelecek. Android 12 ve ColorOS 12.1 UI \u00e7al\u0131\u015ft\u0131racak cihaz, Snapdragon 680 i\u015flemciden g\u00fcc\u00fcn\u00fc alacak. Batarya b\u00f6l\u00fcm\u00fcnde ise 4500 mAh kapasiteli bir pil bulunuyor. 33W h\u0131zl\u0131 \u015farj deste\u011fi ile cihaz k\u0131sa s\u00fcre i\u00e7erisinde y\u00fcksek doluluk oran\u0131na ula\u015fabilecek.<\/p>\n\n\n\n<p>159,9 x 73,2 x 7,49 \/ 7,54 mm \u00f6l\u00e7\u00fclerinde ve 175 gram a\u011f\u0131rl\u0131\u011f\u0131nda olacak model i\u00e7in iki farkl\u0131 renk tercih edilmi\u015f durumda. Siyah ve g\u00fcn bat\u0131m\u0131 turuncusu olarak adland\u0131r\u0131lan bu renkler ile kullan\u0131c\u0131lar daha farkl\u0131 renklerde telefon kullanma imkan\u0131 elde edebilecek.&nbsp;<\/p>\n\n\n\n<h2 class=\"wp-block-heading\">OPPO F21 Pro 5G teknik \u00f6zellikleri neler?<\/h2>\n\n\n\n<p>Standart s\u00fcr\u00fcmden i\u015flemcisi ve baz\u0131 \u00f6zellikleri ile ayr\u0131lan F21 Pro 5G ise 5G deste\u011fi elde etmek isteyenlerin de\u011ferlendirebilece\u011fi bir se\u00e7enek. Bu modelde ise 60 Hz ekran yenileme h\u0131z\u0131na sahip olan 6.43 in\u00e7lik bir Amoled full HD ekran kullan\u0131lacak. \u00d6n kamera 16 megapiksel, arka ana kamera ise 64 megapiksellik bir sens\u00f6r ile destekleniyor.<\/p>\n\n\n\n<p>Arka kamerada 2 megapiksel derinlik, 2 megapiksel makro kamera olmak \u00fczere \u00fc\u00e7l\u00fc bir kurulum tercih edilmi\u015f. \u0130\u015fletim sistemi ayn\u0131 olacak cihazda i\u015flemci olarak Snapdragon 695 tercih edilmi\u015f. Bu i\u015flemci deste\u011fi ile 5G kullan\u0131m\u0131 m\u00fcmk\u00fcn olabilecek. Batarya \u00f6zellikleri ayn\u0131 olurken telefonun boyutlar\u0131nda baz\u0131 k\u00fc\u00e7\u00fck de\u011fi\u015fiklikler yap\u0131lm\u0131\u015f. Cihaz 159.85 x 73.17 x 7.49 \/ 7.55mm \u00f6l\u00e7\u00fclerinde ve 173 gram a\u011f\u0131rl\u0131\u011f\u0131nda olacak. \u00d6zel parlak tasar\u0131m\u0131 ile dikkat \u00e7ekecek olan yeni 5G modelinde siyah ve g\u00f6kku\u015fa\u011f\u0131 renklerinden olu\u015fan \u00f6zel tasar\u0131mlara yer verilecek.&nbsp;<\/p>\n\n\n\n<p>Tan\u0131t\u0131m sonras\u0131nda cihazlar\u0131n pazarda daha fazla dikkat \u00e7ekmesi bekleniyor.<\/p>\n","protected":false},"excerpt":{"rendered":"<p>Oppo F21 Pro, F21 Pro 5G olarak tan\u0131t\u0131lacak ak\u0131ll\u0131 telefonlar lansman \u00f6ncesinde t\u00fcm \u00f6zellikleri ile a\u00e7\u0131\u011fa \u00e7\u0131kt\u0131.&nbsp;Sudhansu Ambhore taraf\u0131ndan yap\u0131lan s\u0131z\u0131nt\u0131lar sayesinde telefonda yer alacak \u00f6zellikler payla\u015f\u0131ld\u0131.&nbsp; OPPO F21 Pro teknik \u00f6zellikleri neler? Oppo taraf\u0131ndan resmi bir \u015fekilde payla\u015f\u0131lmam\u0131\u015f olsa da s\u0131zd\u0131r\u0131lan bilgilere g\u00f6re F21 Pro modelinde Full HD+ \u00e7\u00f6z\u00fcn\u00fcrl\u00fck ve 90Hz yenileme h\u0131z\u0131 sunan [&hellip;]<\/p>\n","protected":false},"author":6,"featured_media":20251,"comment_status":"open","ping_status":"closed","sticky":false,"template":"","format":"standard","meta":{"footnotes":""},"categories":[46],"tags":[],"class_list":["post-20250","post","type-post","status-publish","format-standard","has-post-thumbnail","hentry","category-mobil"],"_links":{"self":[{"href":"https:\/\/www.indir.com\/haber\/wp-json\/wp\/v2\/posts\/20250","targetHints":{"allow":["GET"]}}],"collection":[{"href":"https:\/\/www.indir.com\/haber\/wp-json\/wp\/v2\/posts"}],"about":[{"href":"https:\/\/www.indir.com\/haber\/wp-json\/wp\/v2\/types\/post"}],"author":[{"embeddable":true,"href":"https:\/\/www.indir.com\/haber\/wp-json\/wp\/v2\/users\/6"}],"replies":[{"embeddable":true,"href":"https:\/\/www.indir.com\/haber\/wp-json\/wp\/v2\/comments?post=20250"}],"version-history":[{"count":0,"href":"https:\/\/www.indir.com\/haber\/wp-json\/wp\/v2\/posts\/20250\/revisions"}],"wp:featuredmedia":[{"embeddable":true,"href":"https:\/\/www.indir.com\/haber\/wp-json\/wp\/v2\/media\/20251"}],"wp:attachment":[{"href":"https:\/\/www.indir.com\/haber\/wp-json\/wp\/v2\/media?parent=20250"}],"wp:term":[{"taxonomy":"category","embeddable":true,"href":"https:\/\/www.indir.com\/haber\/wp-json\/wp\/v2\/categories?post=20250"},{"taxonomy":"post_tag","embeddable":true,"href":"https:\/\/www.indir.com\/haber\/wp-json\/wp\/v2\/tags?post=20250"}],"curies":[{"name":"wp","href":"https:\/\/api.w.org\/{rel}","templated":true}]}}