{"id":19659,"date":"2022-03-25T14:30:00","date_gmt":"2022-03-25T11:30:00","guid":{"rendered":"https:\/\/www.indir.com\/haber\/?p=19659"},"modified":"2022-03-25T11:42:24","modified_gmt":"2022-03-25T08:42:24","slug":"black-shark-5-serisi-30-martta-piyasaya-cikiyor","status":"publish","type":"post","link":"https:\/\/www.indir.com\/haber\/black-shark-5-serisi-30-martta-piyasaya-cikiyor\/","title":{"rendered":"Black Shark 5 serisi 30 Mart&#8217;ta piyasaya \u00e7\u0131k\u0131yor"},"content":{"rendered":"\n<p>Black Shark serisinin 5. modelleri 30 Mart tarihinde piyasaya \u00e7\u0131kacak. \u015eirket taraf\u0131ndan yay\u0131nlanan afi\u015f ile ortaya \u00e7\u0131kan Black Shark 5 serisinde, 2 yeni model piyasaya s\u00fcr\u00fclecek. Ge\u00e7ti\u011fimiz ay i\u00e7erisinde TENAA ve 3 C testlerinde g\u00f6r\u00fclen telefon, yerel saat 19.00\u2019da tan\u0131t\u0131lacak. Black Shark 5 ve Black Shark 5 Pro olarak 2 farkl\u0131 model olarak yer alacak telefonlar, piyasada 30 Mart sonras\u0131nda yer alacak.<\/p>\n\n\n\n<h2 class=\"wp-block-heading\">Black Shark 5 ve 5 Pro&#8217;nun \u00f6zellikleri neler?<\/h2>\n\n\n\n<p>Black Shark 5 ve Black Shark 5 Pro modellerinde yer alacak \u00f6zellikler, yeni s\u0131z\u0131nt\u0131lar ile birlikte netlik kazand\u0131. Pro varyant\u0131 Qualcomm Snapdragon 8 Gen 1 i\u015flemciyle desteklenecek. Ancak TENAA, vanilya versiyonunda bu i\u015flemci yer almayacak. Bunun yerine Qualcomm Snapdragon 870 i\u015flemci kullan\u0131lacak. Baz\u0131 kullan\u0131c\u0131lar i\u00e7in Snapdragon 870 i\u015flemciye sahip bir modelin sat\u0131\u015fa \u00e7\u0131kmas\u0131 s\u00fcrpriz olabilir. Zira yeni amiral gemilerinde ve iddial\u0131 modellerde Snapdragon amiral gemisi modelleri tercih ediliyor. Snapdragon 870 7 nm mimarisiyle destekleniyor. G\u00fc\u00e7l\u00fc bir i\u015flemci olmas\u0131na kar\u015f\u0131n sekt\u00f6rde eski bir i\u015flemci.<\/p>\n\n\n\n<p>Xiaomi\u2019nin bir alt markas\u0131 olarak geli\u015ftirilen Black Shark markas\u0131, k\u0131sa s\u00fcre i\u00e7erisinde sekt\u00f6rde tamamen ba\u011f\u0131ms\u0131z hale gelecek. Bu nedenle de \u015firketin gelece\u011fi tamamen ayr\u0131 olacak. Black Shark 5 Pro, Black Shark 4s Pro&#8217;ya k\u0131yasla daha b\u00fcy\u00fck bir pil ve daha y\u00fcksek ekran yenileme h\u0131z\u0131n\u0131 sunacak. T\u00fcm detaylar \u00f6n\u00fcm\u00fczdeki \u00c7ar\u015famba g\u00fcn\u00fc ger\u00e7ekle\u015fecek etkinlikte ortaya \u00e7\u0131kacak. Cihazda yer almas\u0131 beklenen \u00f6zellikler aras\u0131nda ise OLED ekranlar, h\u0131zl\u0131 \u015farj teknolojileri yer al\u0131yor.<\/p>\n","protected":false},"excerpt":{"rendered":"<p>Black Shark serisinin 5. modelleri 30 Mart tarihinde piyasaya \u00e7\u0131kacak. \u015eirket taraf\u0131ndan yay\u0131nlanan afi\u015f ile ortaya \u00e7\u0131kan Black Shark 5 serisinde, 2 yeni model piyasaya s\u00fcr\u00fclecek. Ge\u00e7ti\u011fimiz ay i\u00e7erisinde TENAA ve 3 C testlerinde g\u00f6r\u00fclen telefon, yerel saat 19.00\u2019da tan\u0131t\u0131lacak. Black Shark 5 ve Black Shark 5 Pro olarak 2 farkl\u0131 model olarak yer alacak [&hellip;]<\/p>\n","protected":false},"author":6,"featured_media":19660,"comment_status":"open","ping_status":"closed","sticky":false,"template":"","format":"standard","meta":{"footnotes":""},"categories":[46],"tags":[],"class_list":["post-19659","post","type-post","status-publish","format-standard","has-post-thumbnail","hentry","category-mobil"],"_links":{"self":[{"href":"https:\/\/www.indir.com\/haber\/wp-json\/wp\/v2\/posts\/19659","targetHints":{"allow":["GET"]}}],"collection":[{"href":"https:\/\/www.indir.com\/haber\/wp-json\/wp\/v2\/posts"}],"about":[{"href":"https:\/\/www.indir.com\/haber\/wp-json\/wp\/v2\/types\/post"}],"author":[{"embeddable":true,"href":"https:\/\/www.indir.com\/haber\/wp-json\/wp\/v2\/users\/6"}],"replies":[{"embeddable":true,"href":"https:\/\/www.indir.com\/haber\/wp-json\/wp\/v2\/comments?post=19659"}],"version-history":[{"count":0,"href":"https:\/\/www.indir.com\/haber\/wp-json\/wp\/v2\/posts\/19659\/revisions"}],"wp:featuredmedia":[{"embeddable":true,"href":"https:\/\/www.indir.com\/haber\/wp-json\/wp\/v2\/media\/19660"}],"wp:attachment":[{"href":"https:\/\/www.indir.com\/haber\/wp-json\/wp\/v2\/media?parent=19659"}],"wp:term":[{"taxonomy":"category","embeddable":true,"href":"https:\/\/www.indir.com\/haber\/wp-json\/wp\/v2\/categories?post=19659"},{"taxonomy":"post_tag","embeddable":true,"href":"https:\/\/www.indir.com\/haber\/wp-json\/wp\/v2\/tags?post=19659"}],"curies":[{"name":"wp","href":"https:\/\/api.w.org\/{rel}","templated":true}]}}