{"id":19653,"date":"2022-03-25T12:15:00","date_gmt":"2022-03-25T09:15:00","guid":{"rendered":"https:\/\/www.indir.com\/haber\/?p=19653"},"modified":"2022-03-25T11:40:30","modified_gmt":"2022-03-25T08:40:30","slug":"galaxy-m33-ozellikleri-degisti-iste-yeni-rapor","status":"publish","type":"post","link":"https:\/\/www.indir.com\/haber\/galaxy-m33-ozellikleri-degisti-iste-yeni-rapor\/","title":{"rendered":"Galaxy M33 \u00f6zellikleri de\u011fi\u015fti! \u0130\u015fte yeni rapor"},"content":{"rendered":"\n<p>Samsung, Galaxy A telefonlar\u0131n\u0131 tan\u0131tt\u0131ktan sonra Galaxy M serisini piyasaya s\u00fcrmeye haz\u0131rlan\u0131yor. Galaxy M33 modeline y\u00f6nelik \u00f6nceki d\u00f6nemlerde yap\u0131lan s\u0131z\u0131nt\u0131larda \u00f6zellikler b\u00fcy\u00fck oranda netlik kazan\u0131rken, \u015fimdi ise yeni bir rapor yay\u0131nland\u0131. Yeni rapor ile birlikte Galaxy M33 modelinin yeni \u00f6zellikleri ortaya \u00e7\u0131kt\u0131. 27 Mart tarihinde Vietnam&#8217;da bir etkinlik planlayan Samsung, s\u0131zd\u0131r\u0131lan \u00f6zelliklere sahip Galaxy M33 modelini tan\u0131tacak.<\/p>\n\n\n\n<h2 class=\"wp-block-heading\">Galaxy M33 \u00f6zellikleri neler?<\/h2>\n\n\n\n<p>27 Mart tarihinde yap\u0131lacak tan\u0131t\u0131mda \u015firket Galaxy M33 ile birlikte Galaxy M53 modellerini tan\u0131tacak. \u0130ki modelin de 5G deste\u011fine sahip olmas\u0131, \u015firketin bu alandaki g\u00fcc\u00fcn\u00fc y\u00fckseltecek. Tipster Yogesh Brar taraf\u0131ndan Galaxy M33 5G&#8217;nin \u00f6zellikleri Twitter&#8217;da payla\u015f\u0131ld\u0131. Cihaz i\u00e7in daha \u00f6nceki raporlarda Exynos 1200 i\u015flemcinin kullan\u0131laca\u011f\u0131 belirtilmi\u015fti. Ancak yeni raporda bu i\u015flemci yerine Exynos 1280 i\u015flemcinin kullan\u0131laca\u011f\u0131 belirtiliyor.<\/p>\n\n\n\n<p>Cihazda ya\u015fanan ikinci de\u011fi\u015fiklik ise kameralarda ya\u015fand\u0131. 8MP ultra geni\u015f kamera ve 5MP makrodan olu\u015fan 64MP d\u00f6rtl\u00fc kamera sistemi yerine telefonda 50MP (geni\u015f) + 5MP (ultra geni\u015f) + 2MP (makro) + 2MP (derinlik) d\u00f6rtl\u00fc kamera kurulumu yer alacak. Son olarak, daha \u00f6nce duyurulan 6.000 mAh batarya kapasitesi yerine daha k\u00fc\u00e7\u00fck bir bataryaya Galaxy M33\u2019te yer verilecek. 25W h\u0131zl\u0131 \u015farj deste\u011fine sahip 5.000 mAh batarya Galaxy M33\u2019te yer alacak.<\/p>\n\n\n\n<p>Telefon 6 GB ve 8 GB RAM se\u00e7eneklerine sahip olacak ve 128 GB depolama alan\u0131 ise tek versiyon olacak. Android 12 tabanl\u0131 One UI 4.1 ile kutudan \u00e7\u0131kacak modelde 3,5 mm kulakl\u0131k jak\u0131 ve kutu i\u00e7i \u015farj cihaz\u0131 olmayacak. Bu nedenle kullan\u0131c\u0131lar\u0131n yeni bir adapt\u00f6r almas\u0131 gerekecek.&nbsp; Cihazda yer almas\u0131 beklenen ekranda ise 6,6 in\u00e7 Full HD Plus LCD panelin yer almas\u0131 bekleniyor. 120 Hz ekran yenileme h\u0131z\u0131na sahip olacak telefonda, yanda parmak izi sens\u00f6r\u00fc yer alacak.<\/p>\n\n\n\n<h2 class=\"wp-block-heading\">Galaxy M33  ne zaman \u00e7\u0131kacak?<\/h2>\n\n\n\n<p>Galaxy M33 modeliyle ilgili ortaya \u00e7\u0131kan bu \u00f6zellikler, telefon i\u00e7in beklentileri daha da y\u00fckseltti. \u0130\u015flemci ve kameralarda yap\u0131lan iyile\u015ftirmeler ile birlikte Samsung\u2019un bu alanda daha iyi bir se\u00e7enek sunmas\u0131 bekleniyor. 27 Mart tarihi itibariyle t\u00fcm detaylar netle\u015fecek.<\/p>\n","protected":false},"excerpt":{"rendered":"<p>Samsung, Galaxy A telefonlar\u0131n\u0131 tan\u0131tt\u0131ktan sonra Galaxy M serisini piyasaya s\u00fcrmeye haz\u0131rlan\u0131yor. Galaxy M33 modeline y\u00f6nelik \u00f6nceki d\u00f6nemlerde yap\u0131lan s\u0131z\u0131nt\u0131larda \u00f6zellikler b\u00fcy\u00fck oranda netlik kazan\u0131rken, \u015fimdi ise yeni bir rapor yay\u0131nland\u0131. Yeni rapor ile birlikte Galaxy M33 modelinin yeni \u00f6zellikleri ortaya \u00e7\u0131kt\u0131. 27 Mart tarihinde Vietnam&#8217;da bir etkinlik planlayan Samsung, s\u0131zd\u0131r\u0131lan \u00f6zelliklere sahip Galaxy M33 [&hellip;]<\/p>\n","protected":false},"author":6,"featured_media":19654,"comment_status":"open","ping_status":"closed","sticky":false,"template":"","format":"standard","meta":{"footnotes":""},"categories":[46],"tags":[3466],"class_list":["post-19653","post","type-post","status-publish","format-standard","has-post-thumbnail","hentry","category-mobil","tag-galaxy-m33"],"_links":{"self":[{"href":"https:\/\/www.indir.com\/haber\/wp-json\/wp\/v2\/posts\/19653","targetHints":{"allow":["GET"]}}],"collection":[{"href":"https:\/\/www.indir.com\/haber\/wp-json\/wp\/v2\/posts"}],"about":[{"href":"https:\/\/www.indir.com\/haber\/wp-json\/wp\/v2\/types\/post"}],"author":[{"embeddable":true,"href":"https:\/\/www.indir.com\/haber\/wp-json\/wp\/v2\/users\/6"}],"replies":[{"embeddable":true,"href":"https:\/\/www.indir.com\/haber\/wp-json\/wp\/v2\/comments?post=19653"}],"version-history":[{"count":0,"href":"https:\/\/www.indir.com\/haber\/wp-json\/wp\/v2\/posts\/19653\/revisions"}],"wp:featuredmedia":[{"embeddable":true,"href":"https:\/\/www.indir.com\/haber\/wp-json\/wp\/v2\/media\/19654"}],"wp:attachment":[{"href":"https:\/\/www.indir.com\/haber\/wp-json\/wp\/v2\/media?parent=19653"}],"wp:term":[{"taxonomy":"category","embeddable":true,"href":"https:\/\/www.indir.com\/haber\/wp-json\/wp\/v2\/categories?post=19653"},{"taxonomy":"post_tag","embeddable":true,"href":"https:\/\/www.indir.com\/haber\/wp-json\/wp\/v2\/tags?post=19653"}],"curies":[{"name":"wp","href":"https:\/\/api.w.org\/{rel}","templated":true}]}}