{"id":19447,"date":"2022-03-23T16:30:00","date_gmt":"2022-03-23T13:30:00","guid":{"rendered":"https:\/\/www.indir.com\/haber\/?p=19447"},"modified":"2022-03-23T13:29:21","modified_gmt":"2022-03-23T10:29:21","slug":"new-yorkta-kripto-para-madenciligini-yasaklanabilir","status":"publish","type":"post","link":"https:\/\/www.indir.com\/haber\/new-yorkta-kripto-para-madenciligini-yasaklanabilir\/","title":{"rendered":"New York&#8217;ta kripto para madencili\u011fini yasaklanabilir"},"content":{"rendered":"\n<p>Amerika Birle\u015fik Devletleri&#8217;nde ya\u015fanan son geli\u015fmelerde kripto para madencili\u011fi yasaklanma ihtimalinin oldu\u011fu ortaya \u00e7\u0131kt\u0131. New York Meclisi \u00f6n\u00fcm\u00fczdeki g\u00fcnlerde kritik bir oturum yapacak ve belki de oturumdan \u00e7evresel kayg\u0131lar nedeniyle Bitcoin madencili\u011fi yasa\u011f\u0131 \u00e7\u0131kacak.<\/p>\n\n\n\n<p>Bitcoin madencili\u011fi s\u0131ras\u0131nda kullan\u0131lan elektri\u011fin \u00e7evreci olmad\u0131\u011f\u0131 ve y\u00fcksek t\u00fcketim nedeniyle \u00e7evreye zarar verdi\u011fi iddia ediliyor. Her Ne kadar farkl\u0131 kaynaklarda yer alan bilgilerde d\u00fcnya genelindeki elektrik t\u00fcketiminin \u00e7ok k\u00fc\u00e7\u00fck bir k\u0131sm\u0131n\u0131n madencilik faaliyetlerine ayr\u0131ld\u0131\u011f\u0131 belirtilse de farkl\u0131 kaynaklar bu iddialar\u0131 reddederek y\u00fcksek \u00e7evre kirlili\u011fi yaratt\u0131\u011f\u0131n\u0131 \u00f6ne s\u00fcr\u00fcyor.<\/p>\n\n\n\n<p>T\u00fcm bu tart\u0131\u015fmalar \u0131\u015f\u0131\u011f\u0131nda ise New York meclisinde yap\u0131lacak g\u00f6r\u00fc\u015fmeler, kripto para madencili\u011fi operasyonuna y\u00f6nelik yeni bir yasak getirebilir. New York eyalet meclis \u00fcyeleri taraf\u0131ndan haz\u0131rlanan yeni tasar\u0131 \u201cEyalet \u00e7ap\u0131nda sera gaz\u0131 emisyonlar\u0131n\u0131n 2050 y\u0131l\u0131na kadar % 85 oran\u0131nda azalt\u0131lmas\u0131n\u0131 ve eyalette net s\u0131f\u0131r emisyona sahip olmas\u0131n\u0131 gerektiren \u0130klim Liderli\u011fi ve Toplumu Koruma Yasas\u0131 ba\u011flam\u0131nda \u00f6nerildi.&#8221; \u015eeklinde ifadeler ta\u015f\u0131yor. Bu nedenle New York Meclisi, kripto para madencilik \u00e7al\u0131\u015fmalar\u0131na y\u00f6nelik \u00fclkede ilk yasak getiren meclislerden birisi olabilir.&nbsp;<\/p>\n\n\n\n<h2 class=\"wp-block-heading\">New York\u2019ta kripto para madencili\u011fi yasaklanacak m\u0131?<\/h2>\n\n\n\n<p>Mevcut tasar\u0131n\u0131n meclis onay\u0131n\u0131n yan\u0131 s\u0131ra senato taraf\u0131ndan da onaylanmas\u0131 gerekiyor. Bu nedenle tasar\u0131n\u0131n onaylan\u0131p onaylanmad\u0131\u011f\u0131n\u0131n beklenilmesi gerekiyor. E\u011fer iki kurum taraf\u0131ndan da bu tasar\u0131 onaylan\u0131rsa, \u00e7evresel etki incelemelerine ba\u015flanacak. Mevcut yasalar sonras\u0131nda ise Bitcoin madencili\u011fi dahil olmak \u00fczere t\u00fcm blok zinciri operasyonlar\u0131 3 y\u0131l boyunca yasaklanacak.<\/p>\n\n\n\n<p>\u00dclkede ve \u015fehirde b\u00fcy\u00fck bir g\u00fcndem haline gelen yasa tasar\u0131s\u0131 \u00fclkedeki vatanda\u015flar\u0131 ikiye b\u00f6lm\u00fc\u015f durumda. Vatanda\u015flardan da kar\u015f\u0131 oy kullanmalar\u0131 istendi. Tasar\u0131n\u0131n yasala\u015fmas\u0131 halinde ya\u015fanabilecek olumsuzluklara de\u011finen dilek\u00e7elerde \u201cBu tasar\u0131 yasala\u015f\u0131rsa, New York, Bitcoin madencili\u011finin ekonomik geni\u015fleme ve yenilenebilir enerjinin \u00e7o\u011falmas\u0131 i\u00e7in sa\u011flad\u0131\u011f\u0131 benzersiz f\u0131rsatlar\u0131 kaybedecek. Bu, \u00fclke genelindeki devletlerin ayn\u0131 hatay\u0131 yapmalar\u0131 i\u00e7in emsal te\u015fkil edebilir.\u201d ifadeleri yer ald\u0131.&nbsp;<\/p>\n\n\n\n<p>\u015eu an i\u00e7in hen\u00fcz somut bir karar\u0131n al\u0131nmad\u0131\u011f\u0131 Amerika&#8217;da benzer kararlar di\u011fer meclislerde de g\u00fcndeme gelebilir. \u00dclke genelinde al\u0131nacak bir yasaklama ise kripto para sekt\u00f6r\u00fc i\u00e7in b\u00fcy\u00fck bir zarara yol a\u00e7abilir. Bu bak\u0131mdan \u00f6n\u00fcm\u00fczdeki g\u00fcnlerde ABD&#8217;de ya\u015fanacak geli\u015fmeler, kripto paralar\u0131n gelece\u011fi i\u00e7in olduk\u00e7a \u00f6nemli.&nbsp;<\/p>\n","protected":false},"excerpt":{"rendered":"<p>Amerika Birle\u015fik Devletleri&#8217;nde ya\u015fanan son geli\u015fmelerde kripto para madencili\u011fi yasaklanma ihtimalinin oldu\u011fu ortaya \u00e7\u0131kt\u0131. New York Meclisi \u00f6n\u00fcm\u00fczdeki g\u00fcnlerde kritik bir oturum yapacak ve belki de oturumdan \u00e7evresel kayg\u0131lar nedeniyle Bitcoin madencili\u011fi yasa\u011f\u0131 \u00e7\u0131kacak. Bitcoin madencili\u011fi s\u0131ras\u0131nda kullan\u0131lan elektri\u011fin \u00e7evreci olmad\u0131\u011f\u0131 ve y\u00fcksek t\u00fcketim nedeniyle \u00e7evreye zarar verdi\u011fi iddia ediliyor. Her Ne kadar farkl\u0131 kaynaklarda [&hellip;]<\/p>\n","protected":false},"author":6,"featured_media":19448,"comment_status":"open","ping_status":"closed","sticky":false,"template":"","format":"standard","meta":{"footnotes":""},"categories":[50],"tags":[103],"class_list":["post-19447","post","type-post","status-publish","format-standard","has-post-thumbnail","hentry","category-kripto-para","tag-kripto-para"],"_links":{"self":[{"href":"https:\/\/www.indir.com\/haber\/wp-json\/wp\/v2\/posts\/19447","targetHints":{"allow":["GET"]}}],"collection":[{"href":"https:\/\/www.indir.com\/haber\/wp-json\/wp\/v2\/posts"}],"about":[{"href":"https:\/\/www.indir.com\/haber\/wp-json\/wp\/v2\/types\/post"}],"author":[{"embeddable":true,"href":"https:\/\/www.indir.com\/haber\/wp-json\/wp\/v2\/users\/6"}],"replies":[{"embeddable":true,"href":"https:\/\/www.indir.com\/haber\/wp-json\/wp\/v2\/comments?post=19447"}],"version-history":[{"count":0,"href":"https:\/\/www.indir.com\/haber\/wp-json\/wp\/v2\/posts\/19447\/revisions"}],"wp:featuredmedia":[{"embeddable":true,"href":"https:\/\/www.indir.com\/haber\/wp-json\/wp\/v2\/media\/19448"}],"wp:attachment":[{"href":"https:\/\/www.indir.com\/haber\/wp-json\/wp\/v2\/media?parent=19447"}],"wp:term":[{"taxonomy":"category","embeddable":true,"href":"https:\/\/www.indir.com\/haber\/wp-json\/wp\/v2\/categories?post=19447"},{"taxonomy":"post_tag","embeddable":true,"href":"https:\/\/www.indir.com\/haber\/wp-json\/wp\/v2\/tags?post=19447"}],"curies":[{"name":"wp","href":"https:\/\/api.w.org\/{rel}","templated":true}]}}