{"id":18856,"date":"2022-03-18T12:00:00","date_gmt":"2022-03-18T09:00:00","guid":{"rendered":"https:\/\/www.indir.com\/haber\/?p=18856"},"modified":"2022-03-18T11:10:12","modified_gmt":"2022-03-18T08:10:12","slug":"apple-ocakta-5g-akilli-telefon-pazarinin-lideri-oldu","status":"publish","type":"post","link":"https:\/\/www.indir.com\/haber\/apple-ocakta-5g-akilli-telefon-pazarinin-lideri-oldu\/","title":{"rendered":"Apple, Ocak&#8217;ta 5G ak\u0131ll\u0131 telefon pazar\u0131n\u0131n lideri oldu"},"content":{"rendered":"\n<p>5G ak\u0131ll\u0131 telefonlar\u0131n sat\u0131\u015f\u0131na y\u00f6nelik yap\u0131lan de\u011ferlendirmelerde 2022 y\u0131l\u0131n\u0131n Ocak ay\u0131nda sekt\u00f6r liderinin Apple oldu\u011fu belirtildi. Bloomberg taraf\u0131ndan haz\u0131rlanan raporda, 5G teknolojisine sahip ak\u0131ll\u0131 telefonlar, k\u00fcresel ak\u0131ll\u0131 telefon sat\u0131\u015flar\u0131n\u0131n %51&#8217;ini almay\u0131 ba\u015fard\u0131. Her ge\u00e7en g\u00fcn artan bu rakam 5G modellerin daha fazla ki\u015fi taraf\u0131ndan kullan\u0131lmas\u0131n\u0131 sa\u011fl\u0131yor.<\/p>\n\n\n\n<p>Otonom s\u00fcr\u00fc\u015ften fabrika otomasyonuna kadar d\u00f6n\u00fc\u015ft\u00fcr\u00fcc\u00fc teknolojilerin kilit \u00f6zelli\u011fi olarak g\u00f6r\u00fclen 5G teknolojisine \u00f6n\u00fcm\u00fczdeki y\u0131llarda daha fazla yat\u0131r\u0131m yap\u0131lmas\u0131 planlan\u0131yor. \u00d6yle ki sadece \u00c7in&#8217;de 5G kapsam\u0131n\u0131n art\u0131r\u0131lmas\u0131 i\u00e7in 2022 y\u0131l\u0131nda 600 bin baz istasyonunun daha eklenmesi g\u00fcndemde. Eklenecek yeni baz istasyonlar\u0131 ile birlikte \u00fclkedeki toplam 5G baz istasyon say\u0131s\u0131 2 milyonun \u00fczerine \u00e7\u0131kacak. 5G modellerinin pazarda daha fazla yer almas\u0131 \u00c7in ve Amerika gibi b\u00f6lgelerde yap\u0131lmas\u0131 planlanan 5G \u00e7al\u0131\u015fmalar\u0131ndan da kaynaklan\u0131yor.<\/p>\n\n\n\n<p>5G\u2019nin t\u00fcm kullan\u0131c\u0131lar taraf\u0131ndan kullan\u0131labilir hale gelmesinin hemen ard\u0131nda 5G teknolojisine sahip telefonu bulunan t\u00fcm kullan\u0131c\u0131lar, bu yeni teknolojiye ge\u00e7i\u015f yapabilecek. Bu nedenle de yeni bir telefon sat\u0131n almak isteyen \u00e7o\u011fu kullan\u0131c\u0131 internet teknolojisinde 5G\u2019den yana se\u00e7im yap\u0131yor.<\/p>\n\n\n\n<figure class=\"wp-block-image size-full\"><img loading=\"lazy\" decoding=\"async\" width=\"584\" height=\"356\" src=\"https:\/\/www.indir.com\/haber\/wp-content\/uploads\/2022\/03\/telefon.png\" alt=\"\" class=\"wp-image-18857\" title=\"\" srcset=\"https:\/\/www.indir.com\/haber\/wp-content\/uploads\/2022\/03\/telefon.png 584w, https:\/\/www.indir.com\/haber\/wp-content\/uploads\/2022\/03\/telefon-295x180.png 295w, https:\/\/www.indir.com\/haber\/wp-content\/uploads\/2022\/03\/telefon-100x60.png 100w\" sizes=\"auto, (max-width: 584px) 100vw, 584px\" \/><figcaption>5G&#8217;de markalar\u0131n pazar paylar\u0131<\/figcaption><\/figure>\n\n\n\n<h2 class=\"wp-block-heading\">Apple sekt\u00f6r liderli\u011fini s\u00fcrd\u00fcr\u00fcyor<\/h2>\n\n\n\n<p>Ocak ay\u0131na y\u00f6nelik yap\u0131lan de\u011ferlendirmelerde, Apple&#8217;\u0131n k\u00fcresel 5G telefon sat\u0131\u015flar\u0131ndaki pay\u0131n\u0131n 3\u2019te 1\u2019i a\u015ft\u0131\u011f\u0131 belirtildi. Apple&#8217;\u0131n d\u0131\u015f\u0131nda 5G cep telefonu sat\u0131\u015flar\u0131n\u0131n y\u00fczde 10\u2019u Xiaomi, Oppo ve Vivo&#8217;yu kaps\u0131yor. Apple&#8217;\u0131n %37 oran\u0131nda bir paya sahip olmas\u0131 di\u011fer markalar ile aradaki fark\u0131 ne kadar a\u00e7t\u0131\u011f\u0131n\u0131 g\u00f6zler \u00f6n\u00fcne seriyor. 2019 y\u0131l\u0131nda piyasaya ilk 5G modeli sunan telefon \u00fcreticisi Samsung olsa da \u00c7in pazar\u0131nda ve Amerika gibi b\u00f6lgelerde Samsung bu konuda geride kalm\u0131\u015f durumda.<\/p>\n\n\n\n<p>Apple, gelecekte kendi 5G \u00e7iplerini olu\u015fturmak amac\u0131yla 2019&#8217;da Intel Corp&#8217;un h\u00fccresel modem b\u00f6l\u00fcm\u00fcn\u00fc 1 milyar dolara sat\u0131n ald\u0131. T\u00fcm bu geli\u015fmeler g\u00f6z \u00f6n\u00fcnde bulunduruldu\u011funda \u00f6n\u00fcm\u00fczdeki d\u00f6nemlerde Apple&#8217;\u0131n sekt\u00f6rdeki hakimiyetinin devam etmesi bekleniyor.<\/p>\n\n\n\n<h2 class=\"wp-block-heading\">Realme\u2019nin b\u00fcy\u00fcmesine dikkat \u00e7ekildi<\/h2>\n\n\n\n<p>Raporda Realme\u2019nin d\u00fcnya \u00e7ap\u0131nda en h\u0131zl\u0131 b\u00fcy\u00fcyen 5G ak\u0131ll\u0131 telefon markas\u0131 olmas\u0131 \u00f6zellikle vurguland\u0131. Bu vurgu, \u00c7in&#8217;deki yerel bir \u015firketin k\u00fcresel alanda ne kadar iddial\u0131 hale geldi\u011fini de g\u00f6steriyor. 2020&#8217;deki sonu\u00e7lara g\u00f6re 2021 y\u0131l\u0131nda y\u00fczde 165 oran\u0131nda bir b\u00fcy\u00fcme ger\u00e7ekle\u015ftiren \u015firket, 5G ak\u0131ll\u0131 telefon pazar\u0131nda \u00f6nemli bir s\u0131\u00e7rama kaydetti. 20&#8217;den fazla pazarda ilk be\u015f 5G markas\u0131 aras\u0131na girmeyi ba\u015faran Realme gelecek y\u0131llarda daha fazla sat\u0131\u015f rakam\u0131 ile sekt\u00f6rde iddial\u0131 hale gelmeyi hedefliyor.<\/p>\n\n\n\n<p>5G&#8217;nin altyap\u0131 \u00e7al\u0131\u015fmalar\u0131 h\u0131zland\u0131k\u00e7a markalar\u0131n bu alandaki rekabeti de y\u00fckselecek.<\/p>\n","protected":false},"excerpt":{"rendered":"<p>5G ak\u0131ll\u0131 telefonlar\u0131n sat\u0131\u015f\u0131na y\u00f6nelik yap\u0131lan de\u011ferlendirmelerde 2022 y\u0131l\u0131n\u0131n Ocak ay\u0131nda sekt\u00f6r liderinin Apple oldu\u011fu belirtildi. Bloomberg taraf\u0131ndan haz\u0131rlanan raporda, 5G teknolojisine sahip ak\u0131ll\u0131 telefonlar, k\u00fcresel ak\u0131ll\u0131 telefon sat\u0131\u015flar\u0131n\u0131n %51&#8217;ini almay\u0131 ba\u015fard\u0131. Her ge\u00e7en g\u00fcn artan bu rakam 5G modellerin daha fazla ki\u015fi taraf\u0131ndan kullan\u0131lmas\u0131n\u0131 sa\u011fl\u0131yor. Otonom s\u00fcr\u00fc\u015ften fabrika otomasyonuna kadar d\u00f6n\u00fc\u015ft\u00fcr\u00fcc\u00fc teknolojilerin kilit \u00f6zelli\u011fi [&hellip;]<\/p>\n","protected":false},"author":6,"featured_media":18858,"comment_status":"open","ping_status":"closed","sticky":false,"template":"","format":"standard","meta":{"footnotes":""},"categories":[46],"tags":[412],"class_list":["post-18856","post","type-post","status-publish","format-standard","has-post-thumbnail","hentry","category-mobil","tag-5g"],"_links":{"self":[{"href":"https:\/\/www.indir.com\/haber\/wp-json\/wp\/v2\/posts\/18856","targetHints":{"allow":["GET"]}}],"collection":[{"href":"https:\/\/www.indir.com\/haber\/wp-json\/wp\/v2\/posts"}],"about":[{"href":"https:\/\/www.indir.com\/haber\/wp-json\/wp\/v2\/types\/post"}],"author":[{"embeddable":true,"href":"https:\/\/www.indir.com\/haber\/wp-json\/wp\/v2\/users\/6"}],"replies":[{"embeddable":true,"href":"https:\/\/www.indir.com\/haber\/wp-json\/wp\/v2\/comments?post=18856"}],"version-history":[{"count":0,"href":"https:\/\/www.indir.com\/haber\/wp-json\/wp\/v2\/posts\/18856\/revisions"}],"wp:featuredmedia":[{"embeddable":true,"href":"https:\/\/www.indir.com\/haber\/wp-json\/wp\/v2\/media\/18858"}],"wp:attachment":[{"href":"https:\/\/www.indir.com\/haber\/wp-json\/wp\/v2\/media?parent=18856"}],"wp:term":[{"taxonomy":"category","embeddable":true,"href":"https:\/\/www.indir.com\/haber\/wp-json\/wp\/v2\/categories?post=18856"},{"taxonomy":"post_tag","embeddable":true,"href":"https:\/\/www.indir.com\/haber\/wp-json\/wp\/v2\/tags?post=18856"}],"curies":[{"name":"wp","href":"https:\/\/api.w.org\/{rel}","templated":true}]}}