{"id":1744,"date":"2021-10-01T17:45:00","date_gmt":"2021-10-01T14:45:00","guid":{"rendered":"https:\/\/www.indir.com\/haber\/?p=1744"},"modified":"2021-10-01T17:03:51","modified_gmt":"2021-10-01T14:03:51","slug":"facebookta-reels-donemi-basliyor","status":"publish","type":"post","link":"https:\/\/www.indir.com\/haber\/facebookta-reels-donemi-basliyor\/","title":{"rendered":"Facebook&#8217;ta Reels d\u00f6nemi ba\u015fl\u0131yor"},"content":{"rendered":"\n<p>Snapchat ve TikTok ile t\u00fcm d\u00fcnyaya yay\u0131lan Reels \u00f6zelli\u011fi \u015fimdi Facebook&#8217;a geliyor. Yeni \u00f6zellikler test edilmeye ba\u015fland\u0131.<\/p>\n\n\n\n<p>TikTok t\u00fcm d\u00fcnyada adeta bir \u00e7\u0131lg\u0131nl\u0131k haline gelirken \u00f6zellikleriyle di\u011fer sekt\u00f6r devlerini etkilemeye devam ediyor. Bug\u00fcne kadar pek \u00e7ok \u00f6zelli\u011fi Snapchat ve TikTok gibi rakiplerinden edinen Facebook, yeni bir \u00f6zelli\u011fi daha Facebook&#8217;a getirmenin \u00e7al\u0131\u015fmas\u0131 i\u00e7erisinde. Konu ile ilgili edinilen bilgilere g\u00f6re Facebook&#8217;ta Reels olarak adland\u0131r\u0131lan yeni bir \u00f6zellik etkin hale getirilecek.<\/p>\n\n\n\n<h2 class=\"wp-block-heading\">Facebook Reels nedir?<\/h2>\n\n\n\n<p>Facebook, yeni \u00f6zellik i\u00e7in Reels ismini kullanmay\u0131 tercih ediyor. Bu bak\u0131mdan \u00f6n\u00fcm\u00fczdeki g\u00fcnlerde t\u00fcm kullan\u0131c\u0131lar ile payla\u015f\u0131lacak yeni \u00f6zellik, Facebook Reels olarak kullan\u0131lacak. Instagram&#8217;a daha \u00f6nceki d\u00f6nemlerde getirilen \u00f6zellik, Instagram&#8217;daki etkile\u015fimin artmas\u0131n\u0131 sa\u011flam\u0131\u015f ve kullan\u0131c\u0131larda da b\u00fcy\u00fck bir memnuniyet yaratm\u0131\u015ft\u0131. Benzer etkile\u015fimi ve be\u011feniyi \u015fimdi Facebook&#8217;ta yaratmak isteyen geli\u015ftirici ekip, \u00fcstelik mevcut i\u00e7eriklerin Facebook&#8217;un pek \u00e7ok farkl\u0131 b\u00f6l\u00fcm\u00fcnde kullanmay\u0131 hedefliyor.<\/p>\n\n\n\n<p>Hikayeler gibi ayr\u0131 bir b\u00f6l\u00fcme sahip olacak olsa da Facebook Reels i\u00e7erikleri haber ak\u0131\u015flar\u0131nda ve grup payla\u015f\u0131mlar\u0131nda yer alabilecek. B\u00f6ylece Reels \u00f6zelli\u011fini kullanmak isteyenler, k\u0131sa video se\u00e7eneklerini uygulaman\u0131n her yerinde payla\u015fabilecek. Reels videolara di\u011fer i\u00e7eriklerde oldu\u011fu gibi be\u011feni g\u00f6nderilmesi ve yorum yap\u0131labilmesi m\u00fcmk\u00fcn olacak. TikTok Reels\u2019de al\u0131\u015fk\u0131n oldu\u011fumuz pek \u00e7ok ger\u00e7eklik efekti ve \u00f6zel se\u00e7enekler de uygulama \u00f6zelli\u011finde yer alacak.&nbsp;<\/p>\n\n\n\n<h2 class=\"wp-block-heading\">Yeni bir reklam alan\u0131 olacak<\/h2>\n\n\n\n<p>Facebook Prens ile getirilen yap\u0131lacak de\u011fi\u015fiklikler de en \u00e7ok dikkat \u00e7eken detaylardan birisi ise reklam alan\u0131 olarak da bu b\u00f6l\u00fcm\u00fcn kullan\u0131labilecek olmas\u0131 nokta a\u00e7\u0131klamalarda videolar aras\u0131n \u00d6n\u00fcm\u00fczdeki d\u00f6nemlerde Reklamlar\u0131n al\u0131nmaya ba\u015flanacak ve bu bak\u0131mdan yeni bir gelir alan\u0131nda Facebook Reels \u00f6zelli\u011fi ile yarat\u0131laca\u011f\u0131 belirtildi.&nbsp;<\/p>\n\n\n\n<figure class=\"wp-block-image size-full\"><img loading=\"lazy\" decoding=\"async\" width=\"1200\" height=\"815\" src=\"https:\/\/www.indir.com\/haber\/wp-content\/uploads\/2021\/10\/-9.jpg\" alt=\"Facebook Reels\" class=\"wp-image-1745\" title=\"\" srcset=\"https:\/\/www.indir.com\/haber\/wp-content\/uploads\/2021\/10\/-9.jpg 1200w, https:\/\/www.indir.com\/haber\/wp-content\/uploads\/2021\/10\/-9-265x180.jpg 265w, https:\/\/www.indir.com\/haber\/wp-content\/uploads\/2021\/10\/-9-768x522.jpg 768w\" sizes=\"auto, (max-width: 1200px) 100vw, 1200px\" \/><figcaption>Facebook Reels \u00f6zelli\u011fi geliyor<\/figcaption><\/figure>\n\n\n\n<h2 class=\"wp-block-heading\">Facebook Reels ne zaman kullan\u0131lacak?<\/h2>\n\n\n\n<p>Facebook Reels i\u00e7in \u015fu anda Amerika Birle\u015fik Devletleri&#8217;nde test s\u00fcrecine ba\u015flayan Facebook, test s\u00fcreci sonras\u0131nda \u00f6zelli\u011fi ilk olarak yine ABD ile s\u0131n\u0131rl\u0131 tutacak. hem Android hem de iOS cihazlarda kullan\u0131labilecek olan \u00f6zellikte; m\u00fczik, ses efektleri ve \u00e7ok daha fazlas\u0131 ba\u015flang\u0131c\u0131 itibariyle aktif olacak. \u00dcstelik yeni d\u00f6nem ile birlikte Instagram&#8217;da yap\u0131lan Reels payla\u015f\u0131mlar\u0131n\u0131n Facebook \u00fczerinden de payla\u015f\u0131lmas\u0131 \u00fczerine \u00e7al\u0131\u015f\u0131l\u0131yor. B\u00f6ylece kullan\u0131c\u0131lar farkl\u0131 platformlarda olu\u015fturmu\u015f oldu\u011fu i\u00e7erikleri di\u011fer platformlarda payla\u015farak, daha fazla etkile\u015fim alacak. Arka planda ortak payla\u015f\u0131m panellerinin yer almas\u0131 ise \u00f6zellikle i\u00e7erik olu\u015fturucular\u0131n i\u015flerini kolayla\u015ft\u0131racak.&nbsp;<\/p>\n\n\n\n<p>Tan\u0131t\u0131m sonras\u0131nda Facebook Reels i\u00e7in net tarih payla\u015f\u0131lmas\u0131 beklense de bu konuda net bir ifade payla\u015f\u0131lmad\u0131.<\/p>\n","protected":false},"excerpt":{"rendered":"<p>Snapchat ve TikTok ile t\u00fcm d\u00fcnyaya yay\u0131lan Reels \u00f6zelli\u011fi \u015fimdi Facebook&#8217;a geliyor. Yeni \u00f6zellikler test edilmeye ba\u015fland\u0131. TikTok t\u00fcm d\u00fcnyada adeta bir \u00e7\u0131lg\u0131nl\u0131k haline gelirken \u00f6zellikleriyle di\u011fer sekt\u00f6r devlerini etkilemeye devam ediyor. Bug\u00fcne kadar pek \u00e7ok \u00f6zelli\u011fi Snapchat ve TikTok gibi rakiplerinden edinen Facebook, yeni bir \u00f6zelli\u011fi daha Facebook&#8217;a getirmenin \u00e7al\u0131\u015fmas\u0131 i\u00e7erisinde. Konu ile ilgili [&hellip;]<\/p>\n","protected":false},"author":6,"featured_media":1764,"comment_status":"open","ping_status":"open","sticky":false,"template":"","format":"standard","meta":{"footnotes":""},"categories":[1],"tags":[106,233],"class_list":["post-1744","post","type-post","status-publish","format-standard","has-post-thumbnail","hentry","category-teknoloji","tag-facebook","tag-reels"],"_links":{"self":[{"href":"https:\/\/www.indir.com\/haber\/wp-json\/wp\/v2\/posts\/1744","targetHints":{"allow":["GET"]}}],"collection":[{"href":"https:\/\/www.indir.com\/haber\/wp-json\/wp\/v2\/posts"}],"about":[{"href":"https:\/\/www.indir.com\/haber\/wp-json\/wp\/v2\/types\/post"}],"author":[{"embeddable":true,"href":"https:\/\/www.indir.com\/haber\/wp-json\/wp\/v2\/users\/6"}],"replies":[{"embeddable":true,"href":"https:\/\/www.indir.com\/haber\/wp-json\/wp\/v2\/comments?post=1744"}],"version-history":[{"count":0,"href":"https:\/\/www.indir.com\/haber\/wp-json\/wp\/v2\/posts\/1744\/revisions"}],"wp:featuredmedia":[{"embeddable":true,"href":"https:\/\/www.indir.com\/haber\/wp-json\/wp\/v2\/media\/1764"}],"wp:attachment":[{"href":"https:\/\/www.indir.com\/haber\/wp-json\/wp\/v2\/media?parent=1744"}],"wp:term":[{"taxonomy":"category","embeddable":true,"href":"https:\/\/www.indir.com\/haber\/wp-json\/wp\/v2\/categories?post=1744"},{"taxonomy":"post_tag","embeddable":true,"href":"https:\/\/www.indir.com\/haber\/wp-json\/wp\/v2\/tags?post=1744"}],"curies":[{"name":"wp","href":"https:\/\/api.w.org\/{rel}","templated":true}]}}