{"id":16975,"date":"2022-02-24T11:00:00","date_gmt":"2022-02-24T08:00:00","guid":{"rendered":"https:\/\/www.indir.com\/haber\/?p=16975"},"modified":"2022-02-24T10:44:12","modified_gmt":"2022-02-24T07:44:12","slug":"5-haftadir-internet-olmayan-ulkeden-yeni-gelismeler-bildirildi","status":"publish","type":"post","link":"https:\/\/www.indir.com\/haber\/5-haftadir-internet-olmayan-ulkeden-yeni-gelismeler-bildirildi\/","title":{"rendered":"5 haftad\u0131r internet olmayan \u00fclkeden yeni geli\u015fmeler bildirildi"},"content":{"rendered":"\n<p>Ocak ay\u0131nda b\u00fcy\u00fck yanarda\u011f patlamas\u0131 ile birlikte internet kesintisi ya\u015fanan i\u00e7in Tonga\u2019da 5 hafta sonra sevindirici bir geli\u015fme ya\u015fand\u0131.<\/p>\n\n\n\n<p>Tonga\u2019da 5 hafta \u00f6nce Ocak ay\u0131 i\u00e7erisinde aktif bir volkanik hareketlilik ya\u015fand\u0131. Ya\u015fanan patlama olay\u0131 sonras\u0131 6 ki\u015fi ya\u015fam\u0131n\u0131 yitirirken volkandan \u00e7\u0131kan lavlar, b\u00f6lgeye yak\u0131n yerle\u015fim yerlerindeki pek \u00e7ok evi yuttu. Patlama sonras\u0131 internet hatlar\u0131nda da problemler meydana geldi. Bu nedenle 5 haftadan beri pek \u00e7ok farkl\u0131 b\u00f6lgede internet eri\u015fimi sa\u011flanamad\u0131.<\/p>\n\n\n\n<p>\u00dclkedeki pek \u00e7ok sekt\u00f6r\u00fcn olumsuz bir \u015fekilde etkilendi\u011fi internet kesintisi ile ilgili ise yeni bir geli\u015fme ya\u015fand\u0131. B\u00fcy\u00fck yanarda\u011f patlamas\u0131 sonras\u0131nda yaralar\u0131n sar\u0131lmaya \u00e7al\u0131\u015f\u0131ld\u0131\u011f\u0131 \u00fclkede internet ba\u011flant\u0131s\u0131n\u0131n onar\u0131lmas\u0131 ve yeniden internetin aktif hale getirilmesi i\u00e7in yo\u011fun bir \u00e7al\u0131\u015fma ger\u00e7ekle\u015ftirildi. Konu ile ilgili yap\u0131lan son dakika a\u00e7\u0131klamas\u0131nda ise 3 \u015eubat g\u00fcn\u00fc itibari ile \u00f6zel bir ekibin \u00fclkeye geldi\u011fi ve 57 mil uzunlu\u011funda fiber optik kablo ile yeniden ba\u011flant\u0131lar\u0131n sa\u011fland\u0131\u011f\u0131 belirtildi.&nbsp;<\/p>\n\n\n\n<h2 class=\"wp-block-heading\">\u201c18 g\u00fcnd\u00fcr 24 saat kesintisiz \u00e7al\u0131\u015fma yap\u0131ld\u0131\u201d<\/h2>\n\n\n\n<p>Tonga Cable Ltd CEO\u2019su James Panuve taraf\u0131ndan yap\u0131lan a\u00e7\u0131klamada \u201cKar\u015f\u0131la\u015ft\u0131\u011f\u0131m\u0131z felaketi kimse tahmin edemezdi\u201d denildi. A\u00e7\u0131klamalara g\u00f6re ekipler 24 saat aral\u0131ks\u0131z bir \u015fekilde \u00e7al\u0131\u015f\u0131rken 18 g\u00fcn boyunca s\u00fcren internet onar\u0131m \u00e7al\u0131\u015fmalar\u0131 ile birlikte Tonga\u2019da internet yeniden aktif hale getirildi.<\/p>\n\n\n\n<p>Ge\u00e7ti\u011fimiz g\u00fcn itibariyle yap\u0131lan resmi a\u00e7\u0131klamalarda \u00fclkedeki internet hizmetinin aktif hale getirildi\u011fi belirtildi. B\u00f6ylece g\u00fcnlerden beri s\u00fcren kesintiler sona erdi. Kullan\u0131c\u0131lar internet hizmetinden faydalanmaya ba\u015flad\u0131.&nbsp;<\/p>\n","protected":false},"excerpt":{"rendered":"<p>Ocak ay\u0131nda b\u00fcy\u00fck yanarda\u011f patlamas\u0131 ile birlikte internet kesintisi ya\u015fanan i\u00e7in Tonga\u2019da 5 hafta sonra sevindirici bir geli\u015fme ya\u015fand\u0131. Tonga\u2019da 5 hafta \u00f6nce Ocak ay\u0131 i\u00e7erisinde aktif bir volkanik hareketlilik ya\u015fand\u0131. Ya\u015fanan patlama olay\u0131 sonras\u0131 6 ki\u015fi ya\u015fam\u0131n\u0131 yitirirken volkandan \u00e7\u0131kan lavlar, b\u00f6lgeye yak\u0131n yerle\u015fim yerlerindeki pek \u00e7ok evi yuttu. Patlama sonras\u0131 internet hatlar\u0131nda da [&hellip;]<\/p>\n","protected":false},"author":6,"featured_media":16976,"comment_status":"open","ping_status":"closed","sticky":false,"template":"","format":"standard","meta":{"footnotes":""},"categories":[54],"tags":[],"class_list":["post-16975","post","type-post","status-publish","format-standard","has-post-thumbnail","hentry","category-internet"],"_links":{"self":[{"href":"https:\/\/www.indir.com\/haber\/wp-json\/wp\/v2\/posts\/16975","targetHints":{"allow":["GET"]}}],"collection":[{"href":"https:\/\/www.indir.com\/haber\/wp-json\/wp\/v2\/posts"}],"about":[{"href":"https:\/\/www.indir.com\/haber\/wp-json\/wp\/v2\/types\/post"}],"author":[{"embeddable":true,"href":"https:\/\/www.indir.com\/haber\/wp-json\/wp\/v2\/users\/6"}],"replies":[{"embeddable":true,"href":"https:\/\/www.indir.com\/haber\/wp-json\/wp\/v2\/comments?post=16975"}],"version-history":[{"count":0,"href":"https:\/\/www.indir.com\/haber\/wp-json\/wp\/v2\/posts\/16975\/revisions"}],"wp:featuredmedia":[{"embeddable":true,"href":"https:\/\/www.indir.com\/haber\/wp-json\/wp\/v2\/media\/16976"}],"wp:attachment":[{"href":"https:\/\/www.indir.com\/haber\/wp-json\/wp\/v2\/media?parent=16975"}],"wp:term":[{"taxonomy":"category","embeddable":true,"href":"https:\/\/www.indir.com\/haber\/wp-json\/wp\/v2\/categories?post=16975"},{"taxonomy":"post_tag","embeddable":true,"href":"https:\/\/www.indir.com\/haber\/wp-json\/wp\/v2\/tags?post=16975"}],"curies":[{"name":"wp","href":"https:\/\/api.w.org\/{rel}","templated":true}]}}