{"id":16539,"date":"2022-02-17T13:00:00","date_gmt":"2022-02-17T10:00:00","guid":{"rendered":"https:\/\/www.indir.com\/haber\/?p=16539"},"modified":"2022-02-17T12:47:56","modified_gmt":"2022-02-17T09:47:56","slug":"poco-x4-pro-5gnin-tum-ozellikleri-ortaya-cikti","status":"publish","type":"post","link":"https:\/\/www.indir.com\/haber\/poco-x4-pro-5gnin-tum-ozellikleri-ortaya-cikti\/","title":{"rendered":"POCO X4 Pro 5G&#8217;nin t\u00fcm \u00f6zellikleri ortaya \u00e7\u0131kt\u0131"},"content":{"rendered":"\n<p>POCO taraf\u0131ndan tan\u0131t\u0131lacak POCO X4 Pro 5G i\u00e7in hen\u00fcz lansman tarihini a\u00e7\u0131klanmad\u0131. Ancak, ak\u0131ll\u0131 telefon i\u00e7in s\u0131zd\u0131rmalar gelmeye devam ediyor. Yap\u0131lan son s\u0131z\u0131nt\u0131lar ile birlikte telefon i\u00e7in yeni \u00f6zellikler ortaya \u00e7\u0131kt\u0131.&nbsp; \u00dcstelik arka arkaya gelen s\u0131z\u0131nt\u0131lar sayesinde POCO X4 Pro 5G i\u00e7in bilinmeyen \u00f6zellik neredeyse kalmad\u0131.<\/p>\n\n\n\n<h2 class=\"wp-block-heading\" id=\"poco-x4-pro-5g-ozellikleri-neler\">POCO X4 Pro 5G \u00f6zellikleri neler?<\/h2>\n\n\n\n<p>POCO X4 Pro 5G modeli i\u00e7in ilk konulu\u015funlar telefonun \u00c7in d\u0131\u015f\u0131nda sat\u0131lan Redmi Note 11 Pro 5G oldu\u011fuydu. Bu konuda hen\u00fcz somut bir geli\u015fme ya\u015fanmasa da iki telefon aras\u0131nda ortak pek \u00e7ok \u00f6zellik olmas\u0131 iddialar\u0131 g\u00fc\u00e7lendiriyor. Ancak Redmi modelinde yer alan 108 MP ana kamera yerine POCO X4 Pro 5G\u2019de 64 MP ana kamera yer alacak. Bu tip detaylar ise iddialar i\u00e7in soru i\u015fareti olu\u015fturuyor.<\/p>\n\n\n\n<p>Xiaomiui&#8217;den gelen son s\u0131z\u0131nt\u0131da yer alan kamera \u00f6zelliklerine g\u00f6re ak\u0131ll\u0131 telefonda 64MP Samsung ISOCELL SK5GW3 ana kamera kullan\u0131lacak. Bu g\u00fc\u00e7l\u00fc ana kameraya 8MP ultra geni\u015f \u00fcnite ve 2MP makro sens\u00f6r e\u015flik edecek. B\u00f6ylece \u00fc\u00e7l\u00fc arka kamera kurulumunu sunacak olan POCO, \u00f6zel yaz\u0131l\u0131mlar ile destekleyece\u011fi modelinde kamera performans\u0131yla kullan\u0131c\u0131lar\u0131 tatmin edebilir. \u00d6n kamerada ise 16 MP tercih edilmi\u015f.<\/p>\n\n\n\n<p>Cihaz, 6.67 in\u00e7 FHD+ 120Hz S\u00fcper AMOLED ekran, 6 GB \/ 8 GB LPDDR4x RAM ile 64 GB \/ 128 GB UFS 2.1 depolama alan\u0131 bulunacak. \u0130\u015flemci cephesinde ise Qualcomm Snapdragon 695 tercihi yap\u0131lm\u0131\u015f.&nbsp; Telefon g\u00fcc\u00fcn\u00fc 67W h\u0131zl\u0131 \u015farj deste\u011fine sahip 5.000mAh pilden alacak. Telefon Android 11 ile kutudan \u00e7\u0131kacak.<\/p>\n","protected":false},"excerpt":{"rendered":"<p>POCO taraf\u0131ndan tan\u0131t\u0131lacak POCO X4 Pro 5G i\u00e7in hen\u00fcz lansman tarihini a\u00e7\u0131klanmad\u0131. Ancak, ak\u0131ll\u0131 telefon i\u00e7in s\u0131zd\u0131rmalar gelmeye devam ediyor. Yap\u0131lan son s\u0131z\u0131nt\u0131lar ile birlikte telefon i\u00e7in yeni \u00f6zellikler ortaya \u00e7\u0131kt\u0131.&nbsp; \u00dcstelik arka arkaya gelen s\u0131z\u0131nt\u0131lar sayesinde POCO X4 Pro 5G i\u00e7in bilinmeyen \u00f6zellik neredeyse kalmad\u0131. POCO X4 Pro 5G \u00f6zellikleri neler? POCO X4 Pro [&hellip;]<\/p>\n","protected":false},"author":6,"featured_media":16540,"comment_status":"open","ping_status":"closed","sticky":false,"template":"","format":"standard","meta":{"footnotes":""},"categories":[46],"tags":[2915],"class_list":["post-16539","post","type-post","status-publish","format-standard","has-post-thumbnail","hentry","category-mobil","tag-poco-x4-pro-5g"],"_links":{"self":[{"href":"https:\/\/www.indir.com\/haber\/wp-json\/wp\/v2\/posts\/16539","targetHints":{"allow":["GET"]}}],"collection":[{"href":"https:\/\/www.indir.com\/haber\/wp-json\/wp\/v2\/posts"}],"about":[{"href":"https:\/\/www.indir.com\/haber\/wp-json\/wp\/v2\/types\/post"}],"author":[{"embeddable":true,"href":"https:\/\/www.indir.com\/haber\/wp-json\/wp\/v2\/users\/6"}],"replies":[{"embeddable":true,"href":"https:\/\/www.indir.com\/haber\/wp-json\/wp\/v2\/comments?post=16539"}],"version-history":[{"count":0,"href":"https:\/\/www.indir.com\/haber\/wp-json\/wp\/v2\/posts\/16539\/revisions"}],"wp:featuredmedia":[{"embeddable":true,"href":"https:\/\/www.indir.com\/haber\/wp-json\/wp\/v2\/media\/16540"}],"wp:attachment":[{"href":"https:\/\/www.indir.com\/haber\/wp-json\/wp\/v2\/media?parent=16539"}],"wp:term":[{"taxonomy":"category","embeddable":true,"href":"https:\/\/www.indir.com\/haber\/wp-json\/wp\/v2\/categories?post=16539"},{"taxonomy":"post_tag","embeddable":true,"href":"https:\/\/www.indir.com\/haber\/wp-json\/wp\/v2\/tags?post=16539"}],"curies":[{"name":"wp","href":"https:\/\/api.w.org\/{rel}","templated":true}]}}