{"id":16529,"date":"2022-02-17T13:30:00","date_gmt":"2022-02-17T10:30:00","guid":{"rendered":"https:\/\/www.indir.com\/haber\/?p=16529"},"modified":"2022-02-17T12:48:32","modified_gmt":"2022-02-17T09:48:32","slug":"samsung-belirli-galaxy-cihazlarina-4-yil-boyunca-guncelleme-sunacagini-acikladi","status":"publish","type":"post","link":"https:\/\/www.indir.com\/haber\/samsung-belirli-galaxy-cihazlarina-4-yil-boyunca-guncelleme-sunacagini-acikladi\/","title":{"rendered":"Samsung belirli Galaxy cihazlar\u0131na 4 y\u0131l boyunca g\u00fcncelleme sunaca\u011f\u0131n\u0131 a\u00e7\u0131klad\u0131"},"content":{"rendered":"\n<p>Samsung taraf\u0131ndan yap\u0131lan yeni a\u00e7\u0131klamada Galaxy modeller i\u00e7in 4 y\u0131ll\u0131k g\u00fcncelleme deste\u011fi sunulaca\u011f\u0131 belirtildi. G\u00fcncelleme kapsam\u0131nda belirlenen Galaxy cihazlarda One UI, Android i\u015fletim sistemi g\u00fcncellemeleri 4 y\u0131l boyunca g\u00f6nderilecek.<\/p>\n\n\n\n<p>Teknoloji d\u00fcnyas\u0131ndaki pek \u00e7ok \u015firket i\u00e7in \u00fczerinde \u00e7al\u0131\u015fmalar\u0131n s\u00fcrd\u00fcr\u00fcld\u00fc\u011f\u00fc destekte \u00f6nemli hamlelerden birisini yapan Samsung, cihazlar\u0131n daha uzun s\u00fcre kullan\u0131lmas\u0131n\u0131n da \u00f6n\u00fcn\u00fc a\u00e7\u0131yor. G\u00fcncelleme yap\u0131lacak cihazlar; Galaxy S, A, Z serisi ile Galaxy tablet modelleri olacak.<\/p>\n\n\n\n<h2 class=\"wp-block-heading\" id=\"guncelleme-4-yil-sunulacak\">G\u00fcncelleme 4 y\u0131l sunulacak<\/h2>\n\n\n\n<p>\u015eirket taraf\u0131ndan daha \u00f6nce yap\u0131lan a\u00e7\u0131klamalarda One UI g\u00fcncellemelerinde 4 y\u0131ll\u0131k s\u00fcre \u00f6ng\u00f6r\u00fclm\u00fc\u015ft\u00fc. Bu deste\u011fini daha da geli\u015ftiren, Samsung telefon ve tabletler i\u00e7in i\u015fletim sistemini de kapsam dahilinde alan Samsung bu sayede rakiplerine kar\u015f\u0131 da Samsung modellerini \u00f6n plana \u00e7\u0131kmak istiyor. \u015eirketin 4 y\u0131l g\u00fcncelleme deste\u011fine sahip modelleri \u015f\u00f6yle;<\/p>\n\n\n\n<h3 class=\"wp-block-heading\" id=\"galaxy-s-serisi\">Galaxy S serisi<\/h3>\n\n\n\n<p>Galaxy S22, S22+, S22 Ultra&#8217;n\u0131n yan\u0131 s\u0131ra Galaxy S21, S21+, S21 Ultra, S21 FE ve yeni \u00e7\u0131kacak S serisi cihazlar<\/p>\n\n\n\n<h3 class=\"wp-block-heading\" id=\"galaxy-z-serisi\">Galaxy Z serisi<\/h3>\n\n\n\n<p>Galaxy Z Fold3, Galaxy Z Flip3 ve yeni \u00e7\u0131kacak Z serisi cihazlar<\/p>\n\n\n\n<h3 class=\"wp-block-heading\" id=\"galaxy-a-serisi\">Galaxy A serisi<\/h3>\n\n\n\n<p>Yeni \u00e7\u0131kacak olan A serisi cihazlardan baz\u0131lar\u0131<\/p>\n\n\n\n<h3 class=\"wp-block-heading\" id=\"galaxy-tabletler\">Galaxy tabletler<\/h3>\n\n\n\n<p>Galaxy Tab S8, S8+, S8 Ultra ve yeni \u00e7\u0131kacak Tab S serisi cihazlar<\/p>\n\n\n\n<h3 class=\"wp-block-heading\" id=\"galaxy-watch\">Galaxy Watch<\/h3>\n\n\n\n<p>Galaxy Watch4, Galaxy Watch4 Classic ve yeni \u00e7\u0131kacak Galaxy Watch serisi cihazlar<\/p>\n\n\n\n<p>Kullan\u0131c\u0131lardan gelecek d\u00f6n\u00fc\u015flere g\u00f6re \u015firketin bu program\u0131n\u0131 geni\u015fletmesi bekleniyor.<\/p>\n","protected":false},"excerpt":{"rendered":"<p>Samsung taraf\u0131ndan yap\u0131lan yeni a\u00e7\u0131klamada Galaxy modeller i\u00e7in 4 y\u0131ll\u0131k g\u00fcncelleme deste\u011fi sunulaca\u011f\u0131 belirtildi. G\u00fcncelleme kapsam\u0131nda belirlenen Galaxy cihazlarda One UI, Android i\u015fletim sistemi g\u00fcncellemeleri 4 y\u0131l boyunca g\u00f6nderilecek. Teknoloji d\u00fcnyas\u0131ndaki pek \u00e7ok \u015firket i\u00e7in \u00fczerinde \u00e7al\u0131\u015fmalar\u0131n s\u00fcrd\u00fcr\u00fcld\u00fc\u011f\u00fc destekte \u00f6nemli hamlelerden birisini yapan Samsung, cihazlar\u0131n daha uzun s\u00fcre kullan\u0131lmas\u0131n\u0131n da \u00f6n\u00fcn\u00fc a\u00e7\u0131yor. G\u00fcncelleme yap\u0131lacak cihazlar; [&hellip;]<\/p>\n","protected":false},"author":6,"featured_media":16530,"comment_status":"open","ping_status":"closed","sticky":false,"template":"","format":"standard","meta":{"footnotes":""},"categories":[46],"tags":[],"class_list":["post-16529","post","type-post","status-publish","format-standard","has-post-thumbnail","hentry","category-mobil"],"_links":{"self":[{"href":"https:\/\/www.indir.com\/haber\/wp-json\/wp\/v2\/posts\/16529","targetHints":{"allow":["GET"]}}],"collection":[{"href":"https:\/\/www.indir.com\/haber\/wp-json\/wp\/v2\/posts"}],"about":[{"href":"https:\/\/www.indir.com\/haber\/wp-json\/wp\/v2\/types\/post"}],"author":[{"embeddable":true,"href":"https:\/\/www.indir.com\/haber\/wp-json\/wp\/v2\/users\/6"}],"replies":[{"embeddable":true,"href":"https:\/\/www.indir.com\/haber\/wp-json\/wp\/v2\/comments?post=16529"}],"version-history":[{"count":0,"href":"https:\/\/www.indir.com\/haber\/wp-json\/wp\/v2\/posts\/16529\/revisions"}],"wp:featuredmedia":[{"embeddable":true,"href":"https:\/\/www.indir.com\/haber\/wp-json\/wp\/v2\/media\/16530"}],"wp:attachment":[{"href":"https:\/\/www.indir.com\/haber\/wp-json\/wp\/v2\/media?parent=16529"}],"wp:term":[{"taxonomy":"category","embeddable":true,"href":"https:\/\/www.indir.com\/haber\/wp-json\/wp\/v2\/categories?post=16529"},{"taxonomy":"post_tag","embeddable":true,"href":"https:\/\/www.indir.com\/haber\/wp-json\/wp\/v2\/tags?post=16529"}],"curies":[{"name":"wp","href":"https:\/\/api.w.org\/{rel}","templated":true}]}}