{"id":1535,"date":"2021-09-28T09:54:33","date_gmt":"2021-09-28T06:54:33","guid":{"rendered":"https:\/\/www.indir.com\/haber\/?p=1535"},"modified":"2021-09-30T09:18:00","modified_gmt":"2021-09-30T06:18:00","slug":"honor-magic-earbuds-turkiyede-satisa-sunuldu","status":"publish","type":"post","link":"https:\/\/www.indir.com\/haber\/honor-magic-earbuds-turkiyede-satisa-sunuldu\/","title":{"rendered":"Honor Magic Earbuds T\u00fcrkiye\u2019de sat\u0131\u015fa sunuldu"},"content":{"rendered":"\n<p>ABD\u2019de&nbsp;George Floyd\u2018un bir polis g\u00f6revlisi taraf\u0131ndan katledilmesinin ard\u0131nda \u00fclke \u00e7ap\u0131nda \u00f6n\u00fcn\u00fc ge\u00e7ilemeyecek bir kaos meydana geldi. Gittik\u00e7e b\u00fcy\u00fcyen protestolar devam ederken beyaz ve siyah vatanda\u015flar aras\u0131ndaki ekonomik e\u015fitsizlik g\u00fcndeme geldi. E\u015fitsizlik durumunun bir nebze de olsa \u00f6n\u00fcne ge\u00e7mek isteyen Google, siyahi giri\u015fimcilere destek olacak. Bu duruma kar\u015f\u0131 harekete ge\u00e7en \u0131rksal e\u015fitlik derneklerine Apple taraf\u0131ndan 100 milyon dolarl\u0131k yard\u0131m yap\u0131ld\u0131\u011f\u0131 bilgisi gelmi\u015fti.&nbsp;Bu kez Google taraf\u0131ndan siyahi giri\u015fimcilere&nbsp;175 milyon dolarl\u0131k&nbsp;maddi yard\u0131m sa\u011flanaca\u011f\u0131 a\u00e7\u0131kland\u0131.<\/p>\n\n\n\n<h2 class=\"wp-block-heading\">Google&#8217;dan giri\u015fimci siyahilere 175 milyon dolar destek<\/h2>\n\n\n\n<p>Irksal e\u015fitsizlik g\u00fcndeme gelmi\u015f ilen teknoloji devlerinden maddi yard\u0131m a\u00e7\u0131klamalar\u0131 geliyor. Teknoloji d\u00fcnyas\u0131n\u0131n lider isimlerinden Google&#8217;\u0131n siyahi insanlara destek olmas\u0131 amac\u0131yla ay\u0131rd\u0131\u011f\u0131 175 milyon dolar, asl\u0131nda \u0131rksal e\u015fitsizli\u011fe kar\u015f\u0131 y\u00fcr\u00fct\u00fclen kampanyan\u0131n bir par\u00e7as\u0131d\u0131r.\u00a0D\u00f6rt gruba ayr\u0131lan \u201cekonomik f\u0131rsat e\u015fitli\u011fi\u201d kampanyas\u0131n\u0131n\u00a0100 milyon dolar\u0131\u00a0giri\u015fimcilik odakl\u0131 destek i\u00e7in kullan\u0131lacak.<\/p>\n\n\n\n<p>Ekonomik f\u0131rsat e\u015fitli\u011fi paketinin 50 milyon dolar\u0131 siyahi toplulu\u011fa yard\u0131m amac\u0131na hizmet veren vak\u0131flara, kalan 25 milyon dolar ise siyahi \u00e7al\u0131\u015fanlar ve \u00f6\u011frenciler ile kullan\u0131lacak. Ayn\u0131 zamanda \u015firketin \u00fcst d\u00fczey y\u00f6netimine daha \u00e7ok siyahi insan\u0131n kat\u0131l\u0131m\u0131 i\u00e7in \u00e7e\u015fitli s\u00f6zler verildi. Verilen s\u00f6ze g\u00f6re 2025 y\u0131l\u0131nda firman\u0131n \u00fcst d\u00fczey y\u00f6netiminin y\u00fczde 30&#8217;u siyahi vatanda\u015flardan olu\u015facak. Ba\u015far\u0131l\u0131 \u015firket Google&#8217;\u0131n 2020 raporuna bak\u0131ld\u0131\u011f\u0131nda siyahi \u00e7al\u0131\u015fanlar y\u00f6netim k\u0131sm\u0131nda y\u00fczde 25&#8217;lik yer ediniyor. \u015eirket taraf\u0131ndan konuyla ilgili olarak yap\u0131lan a\u00e7\u0131klamaya g\u00f6re bu de\u011fi\u015fiklikler siyahi insanlara \u015firkette de\u011fer g\u00f6rd\u00fcklerini hat\u0131rlatacak.&nbsp;<\/p>\n","protected":false},"excerpt":{"rendered":"<p>ABD\u2019de&nbsp;George Floyd\u2018un bir polis g\u00f6revlisi taraf\u0131ndan katledilmesinin ard\u0131nda \u00fclke \u00e7ap\u0131nda \u00f6n\u00fcn\u00fc ge\u00e7ilemeyecek bir kaos meydana geldi. Gittik\u00e7e b\u00fcy\u00fcyen protestolar devam ederken beyaz ve siyah vatanda\u015flar aras\u0131ndaki ekonomik e\u015fitsizlik g\u00fcndeme geldi. E\u015fitsizlik durumunun bir nebze de olsa \u00f6n\u00fcne ge\u00e7mek isteyen Google, siyahi giri\u015fimcilere destek olacak. Bu duruma kar\u015f\u0131 harekete ge\u00e7en \u0131rksal e\u015fitlik derneklerine Apple taraf\u0131ndan 100 [&hellip;]<\/p>\n","protected":false},"author":1,"featured_media":1536,"comment_status":"open","ping_status":"open","sticky":false,"template":"","format":"standard","meta":{"footnotes":""},"categories":[53],"tags":[81,198],"class_list":["post-1535","post","type-post","status-publish","format-standard","has-post-thumbnail","hentry","category-girisimcilik","tag-google","tag-honor-magic-earbuds"],"_links":{"self":[{"href":"https:\/\/www.indir.com\/haber\/wp-json\/wp\/v2\/posts\/1535","targetHints":{"allow":["GET"]}}],"collection":[{"href":"https:\/\/www.indir.com\/haber\/wp-json\/wp\/v2\/posts"}],"about":[{"href":"https:\/\/www.indir.com\/haber\/wp-json\/wp\/v2\/types\/post"}],"author":[{"embeddable":true,"href":"https:\/\/www.indir.com\/haber\/wp-json\/wp\/v2\/users\/1"}],"replies":[{"embeddable":true,"href":"https:\/\/www.indir.com\/haber\/wp-json\/wp\/v2\/comments?post=1535"}],"version-history":[{"count":0,"href":"https:\/\/www.indir.com\/haber\/wp-json\/wp\/v2\/posts\/1535\/revisions"}],"wp:featuredmedia":[{"embeddable":true,"href":"https:\/\/www.indir.com\/haber\/wp-json\/wp\/v2\/media\/1536"}],"wp:attachment":[{"href":"https:\/\/www.indir.com\/haber\/wp-json\/wp\/v2\/media?parent=1535"}],"wp:term":[{"taxonomy":"category","embeddable":true,"href":"https:\/\/www.indir.com\/haber\/wp-json\/wp\/v2\/categories?post=1535"},{"taxonomy":"post_tag","embeddable":true,"href":"https:\/\/www.indir.com\/haber\/wp-json\/wp\/v2\/tags?post=1535"}],"curies":[{"name":"wp","href":"https:\/\/api.w.org\/{rel}","templated":true}]}}