{"id":1489,"date":"2021-09-27T17:08:32","date_gmt":"2021-09-27T14:08:32","guid":{"rendered":"https:\/\/www.indir.com\/haber\/?p=1489"},"modified":"2021-09-30T09:18:01","modified_gmt":"2021-09-30T06:18:01","slug":"turkiyenin-internet-kullanim-istatistikleri-aciklandi","status":"publish","type":"post","link":"https:\/\/www.indir.com\/haber\/turkiyenin-internet-kullanim-istatistikleri-aciklandi\/","title":{"rendered":"T\u00fcrkiye&#8217;nin internet kullan\u0131m istatistikleri a\u00e7\u0131kland\u0131"},"content":{"rendered":"\n<p>We Are Social taraf\u0131ndan t\u00fcm d\u00fcnya ile beraber T\u00fcrkiye\u2019nin internet ve sosyal medya kullan\u0131m al\u0131\u015fkanl\u0131klar\u0131n\u0131 raporlad\u0131. Yay\u0131nlanan raporlar ile beraber g\u00fcnde yakla\u015f\u0131k 7.5 saat internette ge\u00e7iyor. Bunun yakla\u015f\u0131k ise 3 saati sosyal medya platformlar\u0131nda ge\u00e7iyor. Dijital d\u00fcnya hakk\u0131nda ara\u015ft\u0131rmalar yapan ve bunlar\u0131 raporlayan We Are Social, T\u00fcrkiye\u2019nin internet, telefon ve sosyal medya kullan\u0131m al\u0131\u015fkanl\u0131klar\u0131n\u0131 raporlad\u0131. 2021\u2019in Ocak ay\u0131ndaki d\u00fcnyan\u0131n dijital durumu ve trendleri neler gelin bakal\u0131m.<\/p>\n\n\n\n<h2 class=\"wp-block-heading\">Ocak 2021 d\u00fcnyan\u0131n dijital verileri<\/h2>\n\n\n\n<figure class=\"wp-block-image\"><img decoding=\"async\" src=\"https:\/\/cdn.imza.com\/indirv2\/img\/1-1618218163.jpg\" alt=\"\" title=\"\"><\/figure>\n\n\n\n<ul class=\"wp-block-list\"><li><strong>N\u00fcfus:<\/strong>&nbsp;D\u00fcnya n\u00fcfusu 2021\u2019in ba\u015flang\u0131c\u0131nda 7,83 milyar olarak kaydedildi. Birle\u015fmi\u015f Milletler\u2019in verilerine g\u00f6re bu rakam her y\u0131l y\u00fczde 1 art\u0131yor. Bu da, 2020\u2019nin ba\u015flang\u0131c\u0131ndan bu yana d\u00fcnya n\u00fcfusunun 80 milyondan fazla artt\u0131\u011f\u0131na i\u015faret ediyor.<\/li><li><strong>Mobil:<\/strong>&nbsp;G\u00fcn\u00fcm\u00fczde 5,22 milyar insan cep telefonu kullan\u0131yor. Bu da d\u00fcnya n\u00fcfusunun y\u00fczde 66,6\u2019s\u0131na tekab\u00fcl ediyor.<\/li><li><strong>\u0130nternet:<\/strong>&nbsp;2021\u2019in Ocak ay\u0131 itibariyle yery\u00fcz\u00fcnde internet kullanan ki\u015fi say\u0131s\u0131 4,66 milyar olarak kaydedildi. Bu anlamda ge\u00e7ti\u011fimiz y\u0131ldan beri y\u00fczde 7,3 (316 milyon ki\u015fi) art\u0131\u015f ya\u015fand\u0131.<\/li><li><strong>Sosyal medya:<\/strong>&nbsp;K\u00fcresel sosyal medya kullan\u0131m\u0131 inan\u0131lmaz bir h\u0131zla art\u0131yor. Ge\u00e7ti\u011fimiz y\u0131l d\u00fcnyada 3,71 milyon sosyal medya kullan\u0131c\u0131s\u0131 varken bu y\u0131l say\u0131 4,20 milyara y\u00fckseldi. Art\u0131k d\u00fcnya n\u00fcfusunun y\u00fczde 53\u2019\u00fc sosyal medya kullan\u0131yor.<\/li><\/ul>\n\n\n\n<p><strong>T\u00fcrkiye\u2019deki elektronik cihaz kullan\u0131m\u0131<\/strong><\/p>\n\n\n\n<ul class=\"wp-block-list\"><li>Herhangi bir t\u00fcr telefonu olanlar:&nbsp;<strong>y\u00fczde 90<\/strong><\/li><li>Sadece ak\u0131ll\u0131 telefonu olanlar:&nbsp;<strong>y\u00fczde 89<\/strong><\/li><li>Ak\u0131ll\u0131 olmayan telefona sahip olmayanlar:&nbsp;<strong>y\u00fczde 6,8<\/strong><\/li><li>Ki\u015fisel\/masa \u00fcst\u00fc bilgisayar\u0131 olanlar:&nbsp;<strong>y\u00fczde 67<\/strong><\/li><li>Tableti olanlar:&nbsp;<strong>y\u00fczde 45<\/strong><\/li><li>Oyun konsolu olanlar:&nbsp;<strong>y\u00fczde 20<\/strong><\/li><li>Ak\u0131ll\u0131 saat\/bilekli\u011fi olanlar:&nbsp;<strong>y\u00fczde 17<\/strong><\/li><li>Sanal ger\u00e7eklik cihaz\u0131 olanlar:&nbsp;<strong>y\u00fczde 4,3<\/strong><\/li><li>Bir g\u00fcnde ortalama 7 saat 29 dakikay\u0131 internette ge\u00e7iriyoruz<\/li><li>2 saat 51 dakika sosyal medya kullan\u0131yoruz<\/li><li>3 saat 4 dakika televizyon seyrediyoruz<\/li><li>1 saat 21 dakikam\u0131z\u0131 Spotify gibi m\u00fczik dinleme uygulamalar\u0131nda ge\u00e7iriyoruz<\/li><li>58 dakika oyunlarla vakit ge\u00e7iriyoruz<\/li><\/ul>\n\n\n\n<p>T\u00fcrkiye\u2019deki ziyaret edilen siteler ve s\u00fcreleri<\/p>\n\n\n\n<ul class=\"wp-block-list\"><li>www.google.com &#8211; 9 dakika 12 saniye<\/li><li>www.youtube.com &#8211; 25d 1s<\/li><li>www.facebook.com &#8211; 8d 52s<\/li><li>www.google.com.tr -8d 15s<\/li><li>www.twitter.com &#8211; 10d 57s<\/li><li>www.instagram.com &#8211; 8d 46s<\/li><li>www.hurriyet.com.tr &#8211; 5d 05s<\/li><li>www.sabah.com.tr &#8211; 2d 32s<\/li><li>www.sozcu.com.tr &#8211; 7d 36s<\/li><li>www.sahibinden.com &#8211; 11d 31s<\/li><\/ul>\n\n\n\n<p><strong>Sosyal medya kullan\u0131mlar\u0131 ve kullan\u0131m y\u00fczdeleri<\/strong><\/p>\n\n\n\n<figure class=\"wp-block-image\"><img decoding=\"async\" src=\"https:\/\/cdn.imza.com\/indirv2\/img\/3-1618218246.jpg\" alt=\"\" title=\"\"><\/figure>\n\n\n\n<ul class=\"wp-block-list\"><li>YouTube -\u200b&nbsp;<strong>y\u00fczde 90<\/strong><\/li><li>Instagram &#8211;&nbsp;<strong>y\u00fczde 83<\/strong><\/li><li>WhatsApp &#8211;&nbsp;<strong>y\u00fczde 81<\/strong><\/li><li>Facebook &#8211;&nbsp;<strong>y\u00fczde 76<\/strong><\/li><li>Twitter &#8211;&nbsp;<strong>y\u00fczde 61<\/strong><\/li><li>Facebook Messenger &#8211;&nbsp;<strong>y\u00fczde 53<\/strong><\/li><li>Pinterest &#8211;&nbsp;<strong>y\u00fczde 34<\/strong><\/li><li>LinkedIn &#8211;&nbsp;<strong>y\u00fczde 32<\/strong><\/li><li>Snapchat &#8211;&nbsp;<strong>y\u00fczde 29<\/strong><\/li><li>TikTok &#8211;&nbsp;<strong>y\u00fczde 29<\/strong><\/li><li>Skype &#8211;&nbsp;<strong>y\u00fczde 27<\/strong><\/li><li>Twitch &#8211;&nbsp;<strong>y\u00fczde 24<\/strong><\/li><li>Tumblr &#8211;&nbsp;<strong>y\u00fczde 20<\/strong><\/li><li>Reddit &#8211;&nbsp;<strong>y\u00fczde 16<\/strong><\/li><li>WeChat &#8211;&nbsp;<strong>y\u00fczde 15<\/strong><\/li><li>Line &#8211;&nbsp;<strong>y\u00fczde 14<\/strong><\/li><\/ul>\n\n\n\n<p><strong>S\u00fcreler<\/strong><\/p>\n\n\n\n<ul class=\"wp-block-list\"><li>WhatsApp\u2019ta 15 saat<\/li><li>Instagram\u2019da 19,7 saat<\/li><li>Facebook\u2019ta 13,1 saat<\/li><li>TikTok\u2019ta 14 saat<\/li><li>Twitter\u2019da 7,8 saat<\/li><\/ul>\n","protected":false},"excerpt":{"rendered":"<p>We Are Social taraf\u0131ndan t\u00fcm d\u00fcnya ile beraber T\u00fcrkiye\u2019nin internet ve sosyal medya kullan\u0131m al\u0131\u015fkanl\u0131klar\u0131n\u0131 raporlad\u0131. Yay\u0131nlanan raporlar ile beraber g\u00fcnde yakla\u015f\u0131k 7.5 saat internette ge\u00e7iyor. Bunun yakla\u015f\u0131k ise 3 saati sosyal medya platformlar\u0131nda ge\u00e7iyor. Dijital d\u00fcnya hakk\u0131nda ara\u015ft\u0131rmalar yapan ve bunlar\u0131 raporlayan We Are Social, T\u00fcrkiye\u2019nin internet, telefon ve sosyal medya kullan\u0131m al\u0131\u015fkanl\u0131klar\u0131n\u0131 raporlad\u0131. [&hellip;]<\/p>\n","protected":false},"author":1,"featured_media":1490,"comment_status":"open","ping_status":"open","sticky":false,"template":"","format":"standard","meta":{"footnotes":""},"categories":[54],"tags":[181],"class_list":["post-1489","post","type-post","status-publish","format-standard","has-post-thumbnail","hentry","category-internet","tag-we-are-social"],"_links":{"self":[{"href":"https:\/\/www.indir.com\/haber\/wp-json\/wp\/v2\/posts\/1489","targetHints":{"allow":["GET"]}}],"collection":[{"href":"https:\/\/www.indir.com\/haber\/wp-json\/wp\/v2\/posts"}],"about":[{"href":"https:\/\/www.indir.com\/haber\/wp-json\/wp\/v2\/types\/post"}],"author":[{"embeddable":true,"href":"https:\/\/www.indir.com\/haber\/wp-json\/wp\/v2\/users\/1"}],"replies":[{"embeddable":true,"href":"https:\/\/www.indir.com\/haber\/wp-json\/wp\/v2\/comments?post=1489"}],"version-history":[{"count":0,"href":"https:\/\/www.indir.com\/haber\/wp-json\/wp\/v2\/posts\/1489\/revisions"}],"wp:featuredmedia":[{"embeddable":true,"href":"https:\/\/www.indir.com\/haber\/wp-json\/wp\/v2\/media\/1490"}],"wp:attachment":[{"href":"https:\/\/www.indir.com\/haber\/wp-json\/wp\/v2\/media?parent=1489"}],"wp:term":[{"taxonomy":"category","embeddable":true,"href":"https:\/\/www.indir.com\/haber\/wp-json\/wp\/v2\/categories?post=1489"},{"taxonomy":"post_tag","embeddable":true,"href":"https:\/\/www.indir.com\/haber\/wp-json\/wp\/v2\/tags?post=1489"}],"curies":[{"name":"wp","href":"https:\/\/api.w.org\/{rel}","templated":true}]}}