{"id":13469,"date":"2022-01-14T10:00:00","date_gmt":"2022-01-14T07:00:00","guid":{"rendered":"https:\/\/www.indir.com\/haber\/?p=13469"},"modified":"2022-01-14T08:52:53","modified_gmt":"2022-01-14T05:52:53","slug":"xiaomi-mi-mix-fold-2-ekran-ozellikleri-belli-oldu","status":"publish","type":"post","link":"https:\/\/www.indir.com\/haber\/xiaomi-mi-mix-fold-2-ekran-ozellikleri-belli-oldu\/","title":{"rendered":"Xiaomi Mi MIX Fold 2 ekran \u00f6zellikleri belli oldu"},"content":{"rendered":"\n<p>Katlanabilir telefonlar\u0131n \u00f6nc\u00fclerinden birisini piyasaya sunan Xiaomi yeni modeli i\u00e7in daha iyi bir \u00e7al\u0131\u015fma i\u00e7erisinde. \u0130lk modeli ile beklentilerin \u00fczerine \u00e7\u0131karak iyi bir performans sergileyen \u015firket telefonun ikinci serisinde \u00f6zellikle sekt\u00f6r\u00fcn \u00f6n planda olan modellerine kar\u015f\u0131 daha \u00fcst\u00fcn bir se\u00e7enek s\u00fcrmeye \u00e7al\u0131\u015f\u0131yor Bu nedenle de gelen bilgiler ekran\u0131ndan katlanabilir mente\u015felerine kadar her bir ayr\u0131nt\u0131s\u0131 ile \u00f6zel bir modelin gelece\u011fini g\u00f6steriyor.<\/p>\n\n\n\n<p>2021 y\u0131l\u0131n\u0131n 3. \u00e7eyre\u011fi itibariyle katlanabilir telefon sekt\u00f6r\u00fcnde Samsung ve Huawei, sekt\u00f6r\u00fcn %99&#8217;luk pay\u0131na sahip olmu\u015ftu. Bu nedenle Xiaomi di\u011fer ak\u0131ll\u0131 telefon segmentlerinde oldu\u011fu gibi katlanabilir telefonlarda da rakiplerine kar\u015f\u0131 \u00fcst\u00fcnl\u00fck kurmak istedi\u011finden dolay\u0131 yeni modelinde i\u015fleri \u00e7ok daha s\u0131k\u0131 tutuyor.<\/p>\n\n\n\n<h2 class=\"wp-block-heading\">Xiaomi Mi MIX Fold 2 ekran \u00f6zellikleri s\u0131zd\u0131r\u0131ld\u0131<\/h2>\n\n\n\n<p>Xiaomi Mi MIX Fold 2 olarak adland\u0131r\u0131lacak 2. versiyon i\u00e7in gelen ilk bilgiler telefonun ekran \u00f6zelliklerine y\u00f6nelik yeni detaylar sundu.<\/p>\n\n\n\n<p>\u0130ddialara g\u00f6re yeni ak\u0131ll\u0131 telefonda Xiaomi 2K y\u00fcksek \u00e7\u00f6z\u00fcn\u00fcrl\u00fck destekleyen bir ekran\u0131 tercih edecek. Bu ekran se\u00e7imi ile birlikte ekran kalitesini \u00fcst d\u00fczeye \u00e7\u0131karmak isteyen marka, bu y\u00fcksek \u00e7\u00f6z\u00fcn\u00fcrl\u00fckl\u00fc ekran\u0131 g\u00fc\u00e7l\u00fc donan\u0131mlar ile destekleyerek piyasadan daha fazla pay alman\u0131n yollar\u0131n\u0131 arayacak. 2. versiyonda 2 kat \u00e7\u00f6z\u00fcn\u00fcrl\u00fckl\u00fc ekrana yer vermesi, ayn\u0131 zamanda ilk versiyondaki b\u00fcy\u00fck ekran eksi\u011fini de kapatm\u0131\u015f olacak.&nbsp;<\/p>\n\n\n\n<p>Ekran \u00f6zellikleri ile ilgili payla\u015f\u0131lan raporda yeni modelde ekran \u00fcst\u00fc kameraya yer verilmeyece\u011fi, bu nedenle de delikli bir \u00f6n kameran\u0131n kullan\u0131laca\u011f\u0131 belirtildi.&nbsp;<\/p>\n","protected":false},"excerpt":{"rendered":"<p>Katlanabilir telefonlar\u0131n \u00f6nc\u00fclerinden birisini piyasaya sunan Xiaomi yeni modeli i\u00e7in daha iyi bir \u00e7al\u0131\u015fma i\u00e7erisinde. \u0130lk modeli ile beklentilerin \u00fczerine \u00e7\u0131karak iyi bir performans sergileyen \u015firket telefonun ikinci serisinde \u00f6zellikle sekt\u00f6r\u00fcn \u00f6n planda olan modellerine kar\u015f\u0131 daha \u00fcst\u00fcn bir se\u00e7enek s\u00fcrmeye \u00e7al\u0131\u015f\u0131yor Bu nedenle de gelen bilgiler ekran\u0131ndan katlanabilir mente\u015felerine kadar her bir ayr\u0131nt\u0131s\u0131 ile [&hellip;]<\/p>\n","protected":false},"author":6,"featured_media":13470,"comment_status":"open","ping_status":"closed","sticky":false,"template":"","format":"standard","meta":{"footnotes":""},"categories":[46],"tags":[2361],"class_list":["post-13469","post","type-post","status-publish","format-standard","has-post-thumbnail","hentry","category-mobil","tag-xiaomi-mi-mix-fold-2"],"_links":{"self":[{"href":"https:\/\/www.indir.com\/haber\/wp-json\/wp\/v2\/posts\/13469","targetHints":{"allow":["GET"]}}],"collection":[{"href":"https:\/\/www.indir.com\/haber\/wp-json\/wp\/v2\/posts"}],"about":[{"href":"https:\/\/www.indir.com\/haber\/wp-json\/wp\/v2\/types\/post"}],"author":[{"embeddable":true,"href":"https:\/\/www.indir.com\/haber\/wp-json\/wp\/v2\/users\/6"}],"replies":[{"embeddable":true,"href":"https:\/\/www.indir.com\/haber\/wp-json\/wp\/v2\/comments?post=13469"}],"version-history":[{"count":0,"href":"https:\/\/www.indir.com\/haber\/wp-json\/wp\/v2\/posts\/13469\/revisions"}],"wp:featuredmedia":[{"embeddable":true,"href":"https:\/\/www.indir.com\/haber\/wp-json\/wp\/v2\/media\/13470"}],"wp:attachment":[{"href":"https:\/\/www.indir.com\/haber\/wp-json\/wp\/v2\/media?parent=13469"}],"wp:term":[{"taxonomy":"category","embeddable":true,"href":"https:\/\/www.indir.com\/haber\/wp-json\/wp\/v2\/categories?post=13469"},{"taxonomy":"post_tag","embeddable":true,"href":"https:\/\/www.indir.com\/haber\/wp-json\/wp\/v2\/tags?post=13469"}],"curies":[{"name":"wp","href":"https:\/\/api.w.org\/{rel}","templated":true}]}}