{"id":13411,"date":"2022-01-13T14:00:00","date_gmt":"2022-01-13T11:00:00","guid":{"rendered":"https:\/\/www.indir.com\/haber\/?p=13411"},"modified":"2022-01-13T12:22:45","modified_gmt":"2022-01-13T09:22:45","slug":"jack-dorsey-bitcoin-gelistiricilerini-korumak-icin-fon-kuruyor","status":"publish","type":"post","link":"https:\/\/www.indir.com\/haber\/jack-dorsey-bitcoin-gelistiricilerini-korumak-icin-fon-kuruyor\/","title":{"rendered":"Jack Dorsey Bitcoin geli\u015ftiricilerini korumak i\u00e7in fon kuruyor"},"content":{"rendered":"\n<p>Bitcoin geli\u015ftiricilerini davalardan korumak i\u00e7in kar amac\u0131 g\u00fctmeyen bir yasal savunma fonu kurulacak. G\u00f6n\u00fcll\u00fc avukatlardan olu\u015fan bir fon \u00fccretsiz hizmeti sunacak.<\/p>\n\n\n\n<p>En pop\u00fcler sosyal medya platformlar\u0131ndan biri olan Twitter&#8217;\u0131n eski CEO&#8217;su Bitcoin destek\u00e7isi Jack Dorsey, Bitcoin geli\u015ftiricilerini son davalardan korumak i\u00e7in kar amac\u0131 g\u00fctmeyen bir yasal savunma fonu kuracak.<\/p>\n\n\n\n<p>Dorsey&#8217;in Plan\u0131; Bu, kendisini Twitter&#8217;da &#8220;bitcoin ba\u011f\u0131ml\u0131s\u0131&#8221; olarak tan\u0131mlayan Zack Voell&#8217;in payla\u015ft\u0131\u011f\u0131 bir e-posta d\u00f6k\u00fcm\u00fc sayesinde m\u00fcmk\u00fcn oldu. &#8220;Bitcoin toplulu\u011fu \u015fu anda \u00e7ok y\u00f6nl\u00fc i\u015flemlerin konusudur. Yarg\u0131lamalar ve devam eden tehditler ama\u00e7lanan etkiye sahiptir. Bireysel san\u0131klar, adli yard\u0131m\u0131n yoklu\u011funda teslim olmay\u0131 se\u00e7tiler. Dorsey, \u00e7o\u011fu ba\u011f\u0131ms\u0131z a\u00e7\u0131k kaynak geli\u015ftiricisinin yasal bask\u0131ya kar\u015f\u0131 \u00f6zellikle savunmas\u0131z oldu\u011funa dikkat \u00e7ekiyor.<\/p>\n\n\n\n<h2 class=\"wp-block-heading\">G\u00f6n\u00fcll\u00fc avukattan olu\u015fan fon, \u00fccretsiz olarak hizmet veriyor<\/h2>\n\n\n\n<p>Dorsey, Bitcoin geli\u015ftiricilerine artan yasal muhalefete kar\u015f\u0131 &#8220;geli\u015ftiricilerin kendilerini korumalar\u0131na yard\u0131mc\u0131 olmak&#8221; i\u00e7in &#8220;koordineli resmi&#8221; bir savunma sistemi olu\u015fturmak istiyor gibi g\u00f6r\u00fcn\u00fcyor.Bitcoin Yasal Savunma Fonu&#8217;nun, Bitcoin yaz\u0131l\u0131m\u0131 ve varl\u0131k geli\u015ftirmenin t\u00fcm y\u00f6nleri \u00fczerinde \u00e7al\u0131\u015fan geli\u015ftiricileri desteklemesi bekleniyor. Dorsey&#8217;in e-postas\u0131 dikkate de\u011ferdir ve Lightning Network, Bitcoin Privacy Protocol ve daha fazlas\u0131na \u00f6zel olarak odaklan\u0131r.<\/p>\n\n\n\n<p><a href=\"https:\/\/www.indir.com\/haber\/twitterin-kurucusu-ve-ceosu-jack-dorsey-istifa-etti\/\">Twitter\u2019\u0131n kurucusu ve CEO\u2019su Jack Dorsey istifa etti<\/a><\/p>\n\n\n\n<p>Bu fon, m\u00fc\u015fterilerin hukuk dan\u0131\u015fmanlar\u0131 bulmas\u0131na ve elinde tutmas\u0131na, Bitcoin ve blockchain yasal sorunlar\u0131yla ilgili davalar i\u00e7in genel yasal stratejiler geli\u015ftirmesine ve ilgili dava masraflar\u0131 i\u00e7in fon toplamas\u0131na yard\u0131mc\u0131 olur. Dorsey, organizasyonu &#8220;geli\u015ftiricilerin gerekti\u011finde kullanabilecekleri \u00fccretsiz, g\u00f6n\u00fcll\u00fc bir se\u00e7enek&#8221; olarak tan\u0131ml\u0131yor.<\/p>\n\n\n\n<p>\u201cG\u00f6n\u00fcll\u00fc ve yar\u0131 zamanl\u0131 bir hukuk birli\u011finden\u201d olu\u015fan Bitcoin Legal Defense Fund taraf\u0131ndan ba\u015flang\u0131\u00e7ta ele ge\u00e7irilen \u00f6zel durumlar, y\u00f6netim kurulu taraf\u0131ndan belirlenir. Fonun ilk g\u00f6revi, kendi kendini &#8220;bitcoin yarat\u0131c\u0131s\u0131&#8221; ilan eden Craig Steven Wright&#8217;\u0131 i\u00e7eren lale ticareti vakas\u0131d\u0131r. &#8220;G\u00fcvenlik misyonunu g\u00fcvenlik misyonunu ihlal etmekle su\u00e7layan baz\u0131 geli\u015ftiriciler&#8221; aleyhindeki davalar, \u015fu anda i\u015flevsel olmayan rezil borsa taraf\u0131ndan yarg\u0131lan\u0131yor.<\/p>\n\n\n\n<p>\u015eimdilik i\u00e7eriden sa\u011flanacak olan fon i\u00e7in \u2018The Block\u2019 CEO&#8217;su fonun faaliyetleri i\u00e7in ilerleyen zamanlarda ek para toplamaya \u00e7al\u0131\u015fmad\u0131\u011f\u0131n\u0131 ama <strong>daha fazla yasal i\u015flem<\/strong>&nbsp;ya da personel i\u00e7in \u00f6deme yapmak i\u00e7ingerekirse y\u00f6netim kurulunun talimat\u0131yla bu \u00f6demelerin ger\u00e7ekle\u015ftirilece\u011fini de a\u00e7\u0131klad\u0131.<\/p>\n","protected":false},"excerpt":{"rendered":"<p>Bitcoin geli\u015ftiricilerini davalardan korumak i\u00e7in kar amac\u0131 g\u00fctmeyen bir yasal savunma fonu kurulacak. G\u00f6n\u00fcll\u00fc avukatlardan olu\u015fan bir fon \u00fccretsiz hizmeti sunacak. En pop\u00fcler sosyal medya platformlar\u0131ndan biri olan Twitter&#8217;\u0131n eski CEO&#8217;su Bitcoin destek\u00e7isi Jack Dorsey, Bitcoin geli\u015ftiricilerini son davalardan korumak i\u00e7in kar amac\u0131 g\u00fctmeyen bir yasal savunma fonu kuracak. Dorsey&#8217;in Plan\u0131; Bu, kendisini Twitter&#8217;da &#8220;bitcoin [&hellip;]<\/p>\n","protected":false},"author":10,"featured_media":13412,"comment_status":"open","ping_status":"closed","sticky":false,"template":"","format":"standard","meta":{"footnotes":""},"categories":[50],"tags":[2351],"class_list":["post-13411","post","type-post","status-publish","format-standard","has-post-thumbnail","hentry","category-kripto-para","tag-jack-dorsey-bitcoin-gelistiricilerini-korumak-icin-fon-kuruyor"],"_links":{"self":[{"href":"https:\/\/www.indir.com\/haber\/wp-json\/wp\/v2\/posts\/13411","targetHints":{"allow":["GET"]}}],"collection":[{"href":"https:\/\/www.indir.com\/haber\/wp-json\/wp\/v2\/posts"}],"about":[{"href":"https:\/\/www.indir.com\/haber\/wp-json\/wp\/v2\/types\/post"}],"author":[{"embeddable":true,"href":"https:\/\/www.indir.com\/haber\/wp-json\/wp\/v2\/users\/10"}],"replies":[{"embeddable":true,"href":"https:\/\/www.indir.com\/haber\/wp-json\/wp\/v2\/comments?post=13411"}],"version-history":[{"count":0,"href":"https:\/\/www.indir.com\/haber\/wp-json\/wp\/v2\/posts\/13411\/revisions"}],"wp:featuredmedia":[{"embeddable":true,"href":"https:\/\/www.indir.com\/haber\/wp-json\/wp\/v2\/media\/13412"}],"wp:attachment":[{"href":"https:\/\/www.indir.com\/haber\/wp-json\/wp\/v2\/media?parent=13411"}],"wp:term":[{"taxonomy":"category","embeddable":true,"href":"https:\/\/www.indir.com\/haber\/wp-json\/wp\/v2\/categories?post=13411"},{"taxonomy":"post_tag","embeddable":true,"href":"https:\/\/www.indir.com\/haber\/wp-json\/wp\/v2\/tags?post=13411"}],"curies":[{"name":"wp","href":"https:\/\/api.w.org\/{rel}","templated":true}]}}