{"id":12909,"date":"2022-01-08T14:30:00","date_gmt":"2022-01-08T11:30:00","guid":{"rendered":"https:\/\/www.indir.com\/haber\/?p=12909"},"modified":"2022-01-08T13:49:34","modified_gmt":"2022-01-08T10:49:34","slug":"iphone-14-pro-tasarimina-dair-yeni-sizintilar","status":"publish","type":"post","link":"https:\/\/www.indir.com\/haber\/iphone-14-pro-tasarimina-dair-yeni-sizintilar\/","title":{"rendered":"iPhone 14 Pro tasar\u0131m\u0131na dair yeni s\u0131z\u0131nt\u0131lar"},"content":{"rendered":"\n<p>&nbsp;Bu senenin sonlar\u0131na Apple&#8217;\u0131n tan\u0131t\u0131lmas\u0131n\u0131 bekledi\u011fimiz iPhone 14 Pro, s\u00f6ylentilere g\u00f6re \u00f6nceki nesillerden farkl\u0131 bir tasar\u0131mla geliyor. <\/p>\n\n\n\n<p>Herhangi bir aksilik olmazsa Eyl\u00fcl ay\u0131nda kullan\u0131c\u0131lar\u0131n kar\u015f\u0131s\u0131na \u00e7\u0131kmas\u0131 beklenen yeni nesil iPhone ile ilgili ilk s\u0131z\u0131nt\u0131lar\u0131 duymaya ba\u015flad\u0131k. Ge\u00e7ti\u011fimiz hafta \u00fcnl\u00fc teknoloji yazar\u0131 Mark Gurman`dan, iPhone 14`te \u00e7entiksiz bir tasar\u0131m olaca\u011f\u0131n\u0131 s\u00f6yleyen bir b\u00fclten g\u00f6rm\u00fc\u015ft\u00fck. Apple&#8217;\u0131n g\u00fcvenilir s\u0131z\u0131nt\u0131 kaynaklar\u0131ndan biri olan MingChi Kuo da \u00e7entiksiz iPhone iddialar\u0131n\u0131 desteklemi\u015fti. Yeni y\u0131lla birlikte gelen en son s\u00f6ylentiler de iPhone 14 Pro, beklendi\u011fi gibi farkl\u0131 bir tasar\u0131mla gelece\u011fini savunuyor.<\/p>\n\n\n\n<p>\u015eimdiye kadar yay\u0131lan s\u00f6ylentiler, \u00e7entikli tasar\u0131m\u0131n hangi varyantta bulunabilece\u011fi belirsiz. DylanDKT, \u015fimdiye kadar bahsetti\u011fim analistler kadar g\u00fcvenilir bir \u015fekilde iPhone 14&#8217;te \u00e7enti\u011fin kald\u0131r\u0131ld\u0131\u011f\u0131n\u0131 do\u011frulad\u0131, ancak bunun yaln\u0131zca Pro se\u00e7ene\u011fiyle kullan\u0131ld\u0131\u011f\u0131n\u0131 s\u00f6yledi. DylanDKT&#8217;ye g\u00f6re, ekran\u0131n alt k\u0131sm\u0131nda yer alan Face ID sens\u00f6r\u00fc ile Face ID&#8217;nin \u00e7entiksiz bir tasar\u0131mda nas\u0131l \u00e7al\u0131\u015ft\u0131\u011f\u0131n\u0131 da k\u0131saca a\u00e7\u0131kl\u0131yor. Bu, Apple&#8217;\u0131n ekran alt\u0131 kamera sens\u00f6r\u00fcn\u00fc ilk kez kullanmas\u0131d\u0131r. 4 14 in\u00e7 ve 16 in\u00e7 MacBook&#8217;lar i\u00e7in neredeyse t\u00fcm analistlerin tahminleri do\u011fru \u00e7\u0131kt\u0131.<\/p>\n\n\n\n<p>\u015eimdiye kadar yay\u0131lan s\u00f6ylentiler, \u00e7entikli tasar\u0131m\u0131n hangi varyantta bulunabilece\u011fi belirsiz. DylanDKT, \u015fimdiye kadar bahsetti\u011fim analistler kadar g\u00fcvenilir bir \u015fekilde iPhone 14&#8217;te \u00e7enti\u011fin kald\u0131r\u0131ld\u0131\u011f\u0131n\u0131 do\u011frulad\u0131, ancak bunun yaln\u0131zca Pro se\u00e7ene\u011fiyle kullan\u0131ld\u0131\u011f\u0131n\u0131 s\u00f6yledi. DylanDKT&#8217;ye g\u00f6re, ekran\u0131n alt k\u0131sm\u0131nda yer alan Face ID sens\u00f6r\u00fc ile Face ID&#8217;nin \u00e7entiksiz bir tasar\u0131mda nas\u0131l \u00e7al\u0131\u015ft\u0131\u011f\u0131n\u0131 da k\u0131saca a\u00e7\u0131kl\u0131yor. Bu, Apple&#8217;\u0131n ekran alt\u0131 kamera sens\u00f6r\u00fcn\u00fc ilk kez kullanmas\u0131d\u0131r.<\/p>\n\n\n\n<p><a href=\"https:\/\/www.indir.com\/haber\/iphone-14-fiyatlari-ne-kadar-olacak\/\">iPhone 14 fiyatlar\u0131 ne kadar olacak?<\/a><\/p>\n\n\n\n<p>4 14 in\u00e7 ve 16 in\u00e7 MacBook&#8217;lar i\u00e7in neredeyse t\u00fcm analistlerin tahminleri do\u011fru \u00e7\u0131kt\u0131. \u015eimdiye kadar ondan pek \u00e7ok ba\u015far\u0131l\u0131 tahmin g\u00f6rd\u00fcm, ancak iPhone 14&#8217;\u00fcn bir \u00e7enti\u011fi olmad\u0131\u011f\u0131n\u0131 d\u00fc\u015f\u00fcnmemizin tek nedeni Dylan DKT de\u011fil. \u015eimdiye kadar Bloomberg ve Minchikuo&#8217;dan bu iddiay\u0131 destekleyen yay\u0131nlar g\u00f6rd\u00fcm. Bu analistler, Apple hakk\u0131nda en do\u011fru tahminleri yapanlar oldu\u011fu i\u00e7in yeni iPhone modelinin tahminlerle uyumlu olmas\u0131 muhtemel.<\/p>\n\n\n\n<p>Ancak kaynaklar ne kadar g\u00fcvenilir olursa olsun iPhone 14 Pro&#8217;nun \u00e7entiksiz \u00e7al\u0131\u015f\u0131p \u00e7al\u0131\u015fmayaca\u011f\u0131n\u0131 hala kesin olarak de\u011ferlendiremiyoruz. \u00d6n\u00fcm\u00fczdeki aylarda telefon tasar\u0131m\u0131 hakk\u0131nda daha fazla \u015fey duyaca\u011f\u0131z ve lansman tarihinde her \u015fey \u015fekillenmeye ba\u015fl\u0131yor. Her y\u0131l, Eyl\u00fcl ortas\u0131nda lansmanda yeni nesil iPhone ailelerini g\u00f6rmek i\u00e7in sab\u0131rs\u0131zlan\u0131yoruz.<\/p>\n","protected":false},"excerpt":{"rendered":"<p>&nbsp;Bu senenin sonlar\u0131na Apple&#8217;\u0131n tan\u0131t\u0131lmas\u0131n\u0131 bekledi\u011fimiz iPhone 14 Pro, s\u00f6ylentilere g\u00f6re \u00f6nceki nesillerden farkl\u0131 bir tasar\u0131mla geliyor. Herhangi bir aksilik olmazsa Eyl\u00fcl ay\u0131nda kullan\u0131c\u0131lar\u0131n kar\u015f\u0131s\u0131na \u00e7\u0131kmas\u0131 beklenen yeni nesil iPhone ile ilgili ilk s\u0131z\u0131nt\u0131lar\u0131 duymaya ba\u015flad\u0131k. Ge\u00e7ti\u011fimiz hafta \u00fcnl\u00fc teknoloji yazar\u0131 Mark Gurman`dan, iPhone 14`te \u00e7entiksiz bir tasar\u0131m olaca\u011f\u0131n\u0131 s\u00f6yleyen bir b\u00fclten g\u00f6rm\u00fc\u015ft\u00fck. Apple&#8217;\u0131n g\u00fcvenilir [&hellip;]<\/p>\n","protected":false},"author":10,"featured_media":12910,"comment_status":"open","ping_status":"closed","sticky":false,"template":"","format":"standard","meta":{"footnotes":""},"categories":[61,46],"tags":[2269],"class_list":["post-12909","post","type-post","status-publish","format-standard","has-post-thumbnail","hentry","category-ios","category-mobil","tag-iphone-14-pro-tasarimina-dair-yeni-sizintilar"],"_links":{"self":[{"href":"https:\/\/www.indir.com\/haber\/wp-json\/wp\/v2\/posts\/12909","targetHints":{"allow":["GET"]}}],"collection":[{"href":"https:\/\/www.indir.com\/haber\/wp-json\/wp\/v2\/posts"}],"about":[{"href":"https:\/\/www.indir.com\/haber\/wp-json\/wp\/v2\/types\/post"}],"author":[{"embeddable":true,"href":"https:\/\/www.indir.com\/haber\/wp-json\/wp\/v2\/users\/10"}],"replies":[{"embeddable":true,"href":"https:\/\/www.indir.com\/haber\/wp-json\/wp\/v2\/comments?post=12909"}],"version-history":[{"count":0,"href":"https:\/\/www.indir.com\/haber\/wp-json\/wp\/v2\/posts\/12909\/revisions"}],"wp:featuredmedia":[{"embeddable":true,"href":"https:\/\/www.indir.com\/haber\/wp-json\/wp\/v2\/media\/12910"}],"wp:attachment":[{"href":"https:\/\/www.indir.com\/haber\/wp-json\/wp\/v2\/media?parent=12909"}],"wp:term":[{"taxonomy":"category","embeddable":true,"href":"https:\/\/www.indir.com\/haber\/wp-json\/wp\/v2\/categories?post=12909"},{"taxonomy":"post_tag","embeddable":true,"href":"https:\/\/www.indir.com\/haber\/wp-json\/wp\/v2\/tags?post=12909"}],"curies":[{"name":"wp","href":"https:\/\/api.w.org\/{rel}","templated":true}]}}