{"id":12447,"date":"2022-01-05T09:00:00","date_gmt":"2022-01-05T06:00:00","guid":{"rendered":"https:\/\/www.indir.com\/haber\/?p=12447"},"modified":"2022-01-05T02:27:50","modified_gmt":"2022-01-04T23:27:50","slug":"iphone-13-satislari-tatil-donemine-de-damga-vurdu","status":"publish","type":"post","link":"https:\/\/www.indir.com\/haber\/iphone-13-satislari-tatil-donemine-de-damga-vurdu\/","title":{"rendered":"iPhone 13 sat\u0131\u015flar\u0131 tatil d\u00f6nemine de damga vurdu"},"content":{"rendered":"\n<p>Apple; iPhone 13, iPhone 13 Mini, iPhone 13 Pro ve iPhone 13 Pro Max&#8217;ten olu\u015fan iPhone 13 serisini Eyl\u00fcl 2021&#8217;de piyasaya s\u00fcrm\u00fc\u015ft\u00fc. Piyasaya s\u00fcr\u00fcld\u00fc\u011f\u00fc andan itibaren etkileyici sat\u0131\u015f grafiklerine sahip olan ak\u0131ll\u0131 telefon serisi, \u00fczerinden aylar ge\u00e7mi\u015f olmas\u0131na ra\u011fmen hala piyasada talep g\u00f6rmeye devam ediyor. Yeni yap\u0131lan bir ara\u015ft\u0131rmaya g\u00f6re sadece tatil sezonunda dahi 40 milyondan fazla iPhone 13 modeli sat\u0131ld\u0131.<\/p>\n\n\n\n<p>PhoneArena\u2019da yer alan habere g\u00f6re Daniel Ives taraf\u0131ndan yap\u0131lan son ara\u015ft\u0131rma, markan\u0131n tatil sezonunda y\u00fcksek sat\u0131\u015f rakamlar\u0131na ula\u015ft\u0131\u011f\u0131n\u0131 ortaya \u00e7\u0131kard\u0131. 40 milyondan fazla cihaz sat\u0131\u015f\u0131 ger\u00e7ekle\u015ftirilen Apple, b\u00f6ylece iPhone 13 deste\u011fi ile etkileyici sat\u0131\u015f rakamlar\u0131na ve gelire sahip olmay\u0131 da ba\u015fard\u0131. Bu haberlerin hemen ard\u0131ndan Apple&#8217;\u0131n 3 trilyon dolarl\u0131k piyasa de\u011ferine ula\u015faca\u011f\u0131n\u0131n duyurulmas\u0131 ise s\u00fcrpriz olmad\u0131.<\/p>\n\n\n\n<p>3 trilyon dolarl\u0131k piyasa de\u011ferine ula\u015fan d\u00fcnyan\u0131n ilk halka a\u00e7\u0131k \u015firketi olma unvan\u0131n\u0131 da elde eden Apple, \u00fcstelik tahminlere g\u00f6re iPhone 13 sat\u0131\u015flar\u0131n\u0131 2022 y\u0131l\u0131nda da s\u00fcrd\u00fcrecek. 2021 y\u0131l\u0131n\u0131n 4. \u00e7eyre\u011finde talebi tam olarak kar\u015f\u0131lamayan ve bu nedenle de sat\u0131\u015flarda pek \u00e7ok stok sorunu ya\u015fayan Apple, \u00fcretimlerin devam etti\u011fi iPhone 13 modellerinde stok sorununun \u00e7\u00f6z\u00fclmesi ile daha fazla ki\u015fiye ula\u015facak ve b\u00f6ylece daha fazla sat\u0131\u015f yapacak.<\/p>\n\n\n\n<p>Stok sorunu nedeniyle \u015firketin 12 milyon sat\u0131\u015f\u0131 \u0131skalad\u0131\u011f\u0131 tahmin ediliyor. Bu nedenle 2022 y\u0131l\u0131n\u0131n \u00f6zellikle ilk 2 \u00e7eyre\u011finde sat\u0131\u015flar\u0131n beklentilerin \u00fczerinde ger\u00e7ekle\u015fmesi bekleniyor.&nbsp;<\/p>\n","protected":false},"excerpt":{"rendered":"<p>Apple; iPhone 13, iPhone 13 Mini, iPhone 13 Pro ve iPhone 13 Pro Max&#8217;ten olu\u015fan iPhone 13 serisini Eyl\u00fcl 2021&#8217;de piyasaya s\u00fcrm\u00fc\u015ft\u00fc. Piyasaya s\u00fcr\u00fcld\u00fc\u011f\u00fc andan itibaren etkileyici sat\u0131\u015f grafiklerine sahip olan ak\u0131ll\u0131 telefon serisi, \u00fczerinden aylar ge\u00e7mi\u015f olmas\u0131na ra\u011fmen hala piyasada talep g\u00f6rmeye devam ediyor. Yeni yap\u0131lan bir ara\u015ft\u0131rmaya g\u00f6re sadece tatil sezonunda dahi 40 [&hellip;]<\/p>\n","protected":false},"author":6,"featured_media":12449,"comment_status":"open","ping_status":"closed","sticky":false,"template":"","format":"standard","meta":{"footnotes":""},"categories":[46],"tags":[232],"class_list":["post-12447","post","type-post","status-publish","format-standard","has-post-thumbnail","hentry","category-mobil","tag-iphone-13"],"_links":{"self":[{"href":"https:\/\/www.indir.com\/haber\/wp-json\/wp\/v2\/posts\/12447","targetHints":{"allow":["GET"]}}],"collection":[{"href":"https:\/\/www.indir.com\/haber\/wp-json\/wp\/v2\/posts"}],"about":[{"href":"https:\/\/www.indir.com\/haber\/wp-json\/wp\/v2\/types\/post"}],"author":[{"embeddable":true,"href":"https:\/\/www.indir.com\/haber\/wp-json\/wp\/v2\/users\/6"}],"replies":[{"embeddable":true,"href":"https:\/\/www.indir.com\/haber\/wp-json\/wp\/v2\/comments?post=12447"}],"version-history":[{"count":0,"href":"https:\/\/www.indir.com\/haber\/wp-json\/wp\/v2\/posts\/12447\/revisions"}],"wp:featuredmedia":[{"embeddable":true,"href":"https:\/\/www.indir.com\/haber\/wp-json\/wp\/v2\/media\/12449"}],"wp:attachment":[{"href":"https:\/\/www.indir.com\/haber\/wp-json\/wp\/v2\/media?parent=12447"}],"wp:term":[{"taxonomy":"category","embeddable":true,"href":"https:\/\/www.indir.com\/haber\/wp-json\/wp\/v2\/categories?post=12447"},{"taxonomy":"post_tag","embeddable":true,"href":"https:\/\/www.indir.com\/haber\/wp-json\/wp\/v2\/tags?post=12447"}],"curies":[{"name":"wp","href":"https:\/\/api.w.org\/{rel}","templated":true}]}}