{"id":12437,"date":"2022-01-05T10:30:00","date_gmt":"2022-01-05T07:30:00","guid":{"rendered":"https:\/\/www.indir.com\/haber\/?p=12437"},"modified":"2022-01-05T02:29:11","modified_gmt":"2022-01-04T23:29:11","slug":"applein-yeni-monitorunun-daha-uygun-fiyatli-olmasi-bekleniyor","status":"publish","type":"post","link":"https:\/\/www.indir.com\/haber\/applein-yeni-monitorunun-daha-uygun-fiyatli-olmasi-bekleniyor\/","title":{"rendered":"Apple&#8217;\u0131n yeni monit\u00f6r\u00fcn\u00fcn daha uygun fiyatl\u0131 olmas\u0131 bekleniyor"},"content":{"rendered":"\n<p>Apple&#8217;\u0131n \u00f6n\u00fcm\u00fczdeki d\u00f6nemlerde tan\u0131tmas\u0131 beklenen yeni modelinde daha ekonomik bir se\u00e7enek sunulmas\u0131 bekleniyor. Mark Gurman taraf\u0131ndan payla\u015f\u0131lan son rapora g\u00f6re 5000 dolarl\u0131k fiyat\u0131 ile \u00f6n\u00fcm\u00fczdeki g\u00fcnlerde tan\u0131t\u0131lacak iddial\u0131 Display XDR sonras\u0131nda b\u00fct\u00e7e dostu ikinci bir monit\u00f6r daha tan\u0131t\u0131lacak. B\u00f6ylece hem \u00fcst d\u00fczey \u00f6zelliklere sahip bir model hem de b\u00fct\u00e7e modeli olarak iki farkl\u0131 monit\u00f6r se\u00e7ene\u011fini sunacak olan Apple, 2022 y\u0131l\u0131nda monit\u00f6r konusunda se\u00e7enekleri artt\u0131rm\u0131\u015f olacak. \u0130ddialar hen\u00fcz do\u011frulanmam\u0131\u015f olsa da tan\u0131t\u0131lacak ikinci modelin etiket fiyat\u0131 olarak 2500 dolar seviyeleri i\u015faret ediliyor.&nbsp;<\/p>\n\n\n\n<h2 class=\"wp-block-heading\">Apple yeni monit\u00f6rleriyle 2022\u2019ye damga vuracak<\/h2>\n\n\n\n<p>Apple taraf\u0131ndan yap\u0131lacak tan\u0131t\u0131mlar ile modeller piyasada resmen kullan\u0131ma sunulacak. Bununla birlikte ekranlarda yer verilen \u00f6zellikler olduk\u00e7a dikkat \u00e7ekici. Mark Gurman taraf\u0131ndan payla\u015f\u0131lan son raporda ayd\u0131nlatma sistemlerinde \u00e7ok daha etkileyici bir tasar\u0131ma yer verilece\u011fi ifade edildi. LED ayd\u0131nlatma sisteminin kullan\u0131laca\u011f\u0131 monit\u00f6rlerde, arkadan ayd\u0131nlatmal\u0131 bir teknolojinin tercih edilmesi hem daha ekonomik hem de daha etkileyici bir g\u00f6r\u00fcn\u00fcm\u00fcn elde edilmesini sa\u011flayacak.<\/p>\n\n\n\n<p>Display XDR modeli ile ilgili g\u00fcndeme gelen haberlerde \u015firketin 24 ve 27 in\u00e7 olmak \u00fczere farkl\u0131 boyutlardaki ekranlar ile \u00e7al\u0131\u015ft\u0131\u011f\u0131 belirtilmi\u015fti. Bu kapsamda tan\u0131t\u0131lacak olan b\u00fct\u00e7e monit\u00f6r\u00fcn\u00fcn bu iki farkl\u0131 \u00f6l\u00e7\u00fclerde gelmesi m\u00fcmk\u00fcn.&nbsp; B\u00fct\u00e7e modeli ile ilgili \u00e7ok fazla bilgi g\u00fcndeme gelmese de \u00f6zellikle \u00f6n\u00fcm\u00fczdeki g\u00fcnlerde yap\u0131lacak tan\u0131t\u0131m sonras\u0131nda daha fazla detay\u0131n payla\u015f\u0131lmas\u0131 bekleniyor.&nbsp;<\/p>\n","protected":false},"excerpt":{"rendered":"<p>Apple&#8217;\u0131n \u00f6n\u00fcm\u00fczdeki d\u00f6nemlerde tan\u0131tmas\u0131 beklenen yeni modelinde daha ekonomik bir se\u00e7enek sunulmas\u0131 bekleniyor. Mark Gurman taraf\u0131ndan payla\u015f\u0131lan son rapora g\u00f6re 5000 dolarl\u0131k fiyat\u0131 ile \u00f6n\u00fcm\u00fczdeki g\u00fcnlerde tan\u0131t\u0131lacak iddial\u0131 Display XDR sonras\u0131nda b\u00fct\u00e7e dostu ikinci bir monit\u00f6r daha tan\u0131t\u0131lacak. B\u00f6ylece hem \u00fcst d\u00fczey \u00f6zelliklere sahip bir model hem de b\u00fct\u00e7e modeli olarak iki farkl\u0131 monit\u00f6r se\u00e7ene\u011fini [&hellip;]<\/p>\n","protected":false},"author":6,"featured_media":12439,"comment_status":"open","ping_status":"closed","sticky":false,"template":"","format":"standard","meta":{"footnotes":""},"categories":[1],"tags":[],"class_list":["post-12437","post","type-post","status-publish","format-standard","has-post-thumbnail","hentry","category-teknoloji"],"_links":{"self":[{"href":"https:\/\/www.indir.com\/haber\/wp-json\/wp\/v2\/posts\/12437","targetHints":{"allow":["GET"]}}],"collection":[{"href":"https:\/\/www.indir.com\/haber\/wp-json\/wp\/v2\/posts"}],"about":[{"href":"https:\/\/www.indir.com\/haber\/wp-json\/wp\/v2\/types\/post"}],"author":[{"embeddable":true,"href":"https:\/\/www.indir.com\/haber\/wp-json\/wp\/v2\/users\/6"}],"replies":[{"embeddable":true,"href":"https:\/\/www.indir.com\/haber\/wp-json\/wp\/v2\/comments?post=12437"}],"version-history":[{"count":0,"href":"https:\/\/www.indir.com\/haber\/wp-json\/wp\/v2\/posts\/12437\/revisions"}],"wp:featuredmedia":[{"embeddable":true,"href":"https:\/\/www.indir.com\/haber\/wp-json\/wp\/v2\/media\/12439"}],"wp:attachment":[{"href":"https:\/\/www.indir.com\/haber\/wp-json\/wp\/v2\/media?parent=12437"}],"wp:term":[{"taxonomy":"category","embeddable":true,"href":"https:\/\/www.indir.com\/haber\/wp-json\/wp\/v2\/categories?post=12437"},{"taxonomy":"post_tag","embeddable":true,"href":"https:\/\/www.indir.com\/haber\/wp-json\/wp\/v2\/tags?post=12437"}],"curies":[{"name":"wp","href":"https:\/\/api.w.org\/{rel}","templated":true}]}}