{"id":12176,"date":"2022-01-04T17:00:00","date_gmt":"2022-01-04T14:00:00","guid":{"rendered":"https:\/\/www.indir.com\/haber\/?p=12176"},"modified":"2022-01-04T09:43:43","modified_gmt":"2022-01-04T06:43:43","slug":"iphone-15-pro-ile-periskop-kamera-destegi-gelebilir","status":"publish","type":"post","link":"https:\/\/www.indir.com\/haber\/iphone-15-pro-ile-periskop-kamera-destegi-gelebilir\/","title":{"rendered":"iPhone 15 Pro ile periskop kamera deste\u011fi gelebilir"},"content":{"rendered":"\n<p>iPhone 15 Pro modeliyle ilgili g\u00fcndeme gelen yeni haberlerde, kameralarda periskop deste\u011finin sunulabilece\u011fi belirtildi.<\/p>\n\n\n\n<p>Apple, gelecek y\u0131llarda piyasaya s\u00fcrece\u011fi iPhone modelleriyle \u015fimdiden konu\u015fulmaya ba\u015fland\u0131. G\u00fcndeme gelen son raporlarda, iPhone 15 Pro modeliyle ilgili detaylara yer verildi. 2023 y\u0131l\u0131nda piyasaya sunulacak olan iPhone 15 serisinde, \u00f6zel bir model olarak geli\u015ftirilen iPhone 15 Pro\u2019da kamerada da yeniliklere yer verilecek. SIM kart yuvas\u0131 gibi geleneksel pek \u00e7ok \u00f6zelli\u011fin kald\u0131r\u0131laca\u011f\u0131 yeni modelde periskop kamera deste\u011fi de sunulmaya ba\u015flanacak. B\u00f6ylece 2023 y\u0131l\u0131 itibariyle kameralarda yeni bir d\u00f6nem daha ba\u015flatacak olan Apple, \u00fcst d\u00fczey lens ve kamera mod\u00fcllerini periskop deste\u011fi ile birle\u015ftirilecek.<\/p>\n\n\n\n<h2 class=\"wp-block-heading\">iPhone 15 Pro raporu dikkat \u00e7ekti<\/h2>\n\n\n\n<p>iPhone 15 Pro modellerinin kameras\u0131nda periskop deste\u011finin sa\u011flanmas\u0131n\u0131n en \u00f6nemli avantaj\u0131 yak\u0131nla\u015ft\u0131rma olacak. 10x zoom deste\u011fini kay\u0131ps\u0131z bir \u015fekilde sunacak olan Apple, b\u00f6ylece kameralardaki performans\u0131 artt\u0131racak. Ancak bu \u00f6zelli\u011fin 2023 y\u0131l\u0131nda ilk defa Apple modellerine gelecek olmas\u0131, teknoloji d\u00fcnyas\u0131nda ge\u00e7 kal\u0131nm\u0131\u015f bir hamle olarak da de\u011ferlendirildi. Zira Apple ekosisteminin kar\u015f\u0131s\u0131nda yer alan Android ekosisteminde periskop kameralar \u00e7ok uzun zamandan beri kullan\u0131l\u0131yor.<\/p>\n\n\n\n<p>Apple gibi Premium \u00fcr\u00fcnleri ile tan\u0131nan \u015firketin periskop teknolojisini kullanmak istememesi normal kar\u015f\u0131lansa da bu teknolojiyi 2023 y\u0131l\u0131 itibariyle kullan\u0131ma sunacak olmas\u0131, Apple\u2019a yak\u0131nl\u0131k duymayan ki\u015filer i\u00e7in ele\u015ftiri noktas\u0131 oldu.<\/p>\n\n\n\n<h2 class=\"wp-block-heading\">iPhone 14\u2019te ilk ad\u0131m at\u0131lacak<\/h2>\n\n\n\n<p>iPhone 14 modellerinde periskop deste\u011fi sunulmayacak olsa da \u00f6zel lensler ve standart telefoto destekleri ile birlikte 3x zoom deste\u011fi sa\u011flanacak. Bir sonraki y\u0131l ise iPhone 15 Pro ile birlikte zoom 10x olacak. Apple taraf\u0131ndan uygulanacak periskop deste\u011finde farkl\u0131 \u00f6zelliklerin kullan\u0131lmas\u0131 ve mevcut teknolojinin geli\u015ftirilecek \u00e7ok daha iyi bir deneyimin sunulmas\u0131 da bekleniyor.<\/p>\n","protected":false},"excerpt":{"rendered":"<p>iPhone 15 Pro modeliyle ilgili g\u00fcndeme gelen yeni haberlerde, kameralarda periskop deste\u011finin sunulabilece\u011fi belirtildi. Apple, gelecek y\u0131llarda piyasaya s\u00fcrece\u011fi iPhone modelleriyle \u015fimdiden konu\u015fulmaya ba\u015fland\u0131. G\u00fcndeme gelen son raporlarda, iPhone 15 Pro modeliyle ilgili detaylara yer verildi. 2023 y\u0131l\u0131nda piyasaya sunulacak olan iPhone 15 serisinde, \u00f6zel bir model olarak geli\u015ftirilen iPhone 15 Pro\u2019da kamerada da yeniliklere [&hellip;]<\/p>\n","protected":false},"author":6,"featured_media":12177,"comment_status":"open","ping_status":"closed","sticky":false,"template":"","format":"standard","meta":{"footnotes":""},"categories":[61,46],"tags":[2150],"class_list":["post-12176","post","type-post","status-publish","format-standard","has-post-thumbnail","hentry","category-ios","category-mobil","tag-iphone-15-pro"],"_links":{"self":[{"href":"https:\/\/www.indir.com\/haber\/wp-json\/wp\/v2\/posts\/12176","targetHints":{"allow":["GET"]}}],"collection":[{"href":"https:\/\/www.indir.com\/haber\/wp-json\/wp\/v2\/posts"}],"about":[{"href":"https:\/\/www.indir.com\/haber\/wp-json\/wp\/v2\/types\/post"}],"author":[{"embeddable":true,"href":"https:\/\/www.indir.com\/haber\/wp-json\/wp\/v2\/users\/6"}],"replies":[{"embeddable":true,"href":"https:\/\/www.indir.com\/haber\/wp-json\/wp\/v2\/comments?post=12176"}],"version-history":[{"count":0,"href":"https:\/\/www.indir.com\/haber\/wp-json\/wp\/v2\/posts\/12176\/revisions"}],"wp:featuredmedia":[{"embeddable":true,"href":"https:\/\/www.indir.com\/haber\/wp-json\/wp\/v2\/media\/12177"}],"wp:attachment":[{"href":"https:\/\/www.indir.com\/haber\/wp-json\/wp\/v2\/media?parent=12176"}],"wp:term":[{"taxonomy":"category","embeddable":true,"href":"https:\/\/www.indir.com\/haber\/wp-json\/wp\/v2\/categories?post=12176"},{"taxonomy":"post_tag","embeddable":true,"href":"https:\/\/www.indir.com\/haber\/wp-json\/wp\/v2\/tags?post=12176"}],"curies":[{"name":"wp","href":"https:\/\/api.w.org\/{rel}","templated":true}]}}